{"id":91106,"date":"2025-12-31T18:41:10","date_gmt":"2025-12-31T18:41:10","guid":{"rendered":"https:\/\/www.europesays.com\/lv\/91106\/"},"modified":"2025-12-31T18:41:10","modified_gmt":"2025-12-31T18:41:10","slug":"samanta-tina-pazino-par-laulibas-beigam-iemesls-agresija","status":"publish","type":"post","link":"https:\/\/www.europesays.com\/lv\/91106\/","title":{"rendered":"Samanta T\u012bna pazi\u0146o par laul\u012bbas beig\u0101m: iemesls \u2013 agresija"},"content":{"rendered":"<p class=\"descr\">Satrauco\u0161u ierakstu sav\u0101 &#8220;Instagram&#8221; kont\u0101 ir ielikusi dzied\u0101t\u0101ja Samanta T\u012bna.<\/p>\n<p>P\u0113c ievietot\u0101 ieraksta var noprast, ka divus gadus ilgajai <a href=\"https:\/\/nra.lv\/tautaruna\/slavenibas\/508162-samanta-tina-komente-baumas-par-vira-pazusanu.htm\" data-item-link=\"true\" data-item-id=\"508162\" rel=\"nofollow noopener\" target=\"_blank\">laul\u012bbai <\/a>ir pien\u0101cis gals. Samanta ievietojusi video, kur\u0101 novelk savu laul\u012bbas gredzenu, un pierakst\u012bjusi satrauco\u0161u tekstu, kas liek dom\u0101t, ka laul\u012bb\u0101, iesp\u0113jams, bijusi k\u0101da no agresijas izpausm\u0113m.<\/p>\n<p>&#8220;Paldies par visu skaisto, ta\u010du ne visi ir tie, par ko s\u0101kotn\u0113ji izliekas. <br \/>Agresijas jebkura izpausme nav pamats dro\u0161\u012bbai!<br \/>Punkts. L\u016bdzu, cieniet manu priv\u0101tumu, s\u012bk\u0101kus koment\u0101rus nesnieg\u0161u nevienam!&#8221;<\/p>\n<p>\t\t\t\t\t\tinfo<\/p>\n<p>Uzzini pirmais<br \/>kas interesants noticis Latvij\u0101 un pasaul\u0113,<br \/>pievienojoties mums <a href=\"https:\/\/t.me\/neatkariga\" rel=\"nofollow\">Telegram<\/a> vai <a href=\"https:\/\/whatsapp.com\/channel\/0029VaMLFUH5K3zLU5s4wm3y\" rel=\"nofollow noopener\" target=\"_blank\">Whatsapp<\/a> kan\u0101l\u0101<\/p>\n","protected":false},"excerpt":{"rendered":"Satrauco\u0161u ierakstu sav\u0101 &#8220;Instagram&#8221; kont\u0101 ir ielikusi dzied\u0101t\u0101ja Samanta T\u012bna. P\u0113c ievietot\u0101 ieraksta var noprast, ka divus gadus&hellip;\n","protected":false},"author":2,"featured_media":91107,"comment_status":"","ping_status":"","sticky":false,"template":"","format":"standard","meta":{"footnotes":""},"categories":[19],"tags":[89,90,35,39,38,36,37,34,40],"class_list":{"0":"post-91106","1":"post","2":"type-post","3":"status-publish","4":"format-standard","5":"has-post-thumbnail","7":"category-izklaide","8":"tag-entertainment","9":"tag-izklaide","10":"tag-latvia","11":"tag-latvian","12":"tag-latviesu","13":"tag-latviesu-valoda","14":"tag-latviesuvaloda","15":"tag-latvija","16":"tag-lv"},"share_on_mastodon":{"url":"https:\/\/pubeurope.com\/@lv\/115815650641083808","error":""},"_links":{"self":[{"href":"https:\/\/www.europesays.com\/lv\/wp-json\/wp\/v2\/posts\/91106","targetHints":{"allow":["GET"]}}],"collection":[{"href":"https:\/\/www.europesays.com\/lv\/wp-json\/wp\/v2\/posts"}],"about":[{"href":"https:\/\/www.europesays.com\/lv\/wp-json\/wp\/v2\/types\/post"}],"author":[{"embeddable":true,"href":"https:\/\/www.europesays.com\/lv\/wp-json\/wp\/v2\/users\/2"}],"replies":[{"embeddable":true,"href":"https:\/\/www.europesays.com\/lv\/wp-json\/wp\/v2\/comments?post=91106"}],"version-history":[{"count":0,"href":"https:\/\/www.europesays.com\/lv\/wp-json\/wp\/v2\/posts\/91106\/revisions"}],"wp:featuredmedia":[{"embeddable":true,"href":"https:\/\/www.europesays.com\/lv\/wp-json\/wp\/v2\/media\/91107"}],"wp:attachment":[{"href":"https:\/\/www.europesays.com\/lv\/wp-json\/wp\/v2\/media?parent=91106"}],"wp:term":[{"taxonomy":"category","embeddable":true,"href":"https:\/\/www.europesays.com\/lv\/wp-json\/wp\/v2\/categories?post=91106"},{"taxonomy":"post_tag","embeddable":true,"href":"https:\/\/www.europesays.com\/lv\/wp-json\/wp\/v2\/tags?post=91106"}],"curies":[{"name":"wp","href":"https:\/\/api.w.org\/{rel}","templated":true}]}}