{"id":91115,"date":"2025-12-31T18:50:09","date_gmt":"2025-12-31T18:50:09","guid":{"rendered":"https:\/\/www.europesays.com\/lv\/91115\/"},"modified":"2025-12-31T18:50:09","modified_gmt":"2025-12-31T18:50:09","slug":"13-stundas-uzbruka-putina-rezidencei-krievijas-aizsardzibas-ministrija-stasta-par-ukrainu-uzbrukumu-vietejie-iedzivotaji-izbriniti-jauns-lv","status":"publish","type":"post","link":"https:\/\/www.europesays.com\/lv\/91115\/","title":{"rendered":"13 stundas uzbruka Putina rezidencei! Krievijas Aizsardz\u012bbas ministrija st\u0101sta par &quot;ukrai\u0146u uzbrukumu&quot;. Viet\u0113jie iedz\u012bvot\u0101ji izbr\u012bn\u012bti &#8211; Jauns.lv"},"content":{"rendered":"<ol>\n<li><a href=\"https:\/\/news.google.com\/rss\/articles\/CBMi_gFBVV95cUxNWWRCYWs2WlVsSGVnNkMtTVM4UGtfbGp1SXJFOWJlblA1Q0pBVFoyWVhyTlRGZ3psTHRsd2pLWVg4X201M1FEOHNXTEVRR1pRNWc3QW9VUXRmekV5bEFpSE5reTlvTVlyMkl4dnk0SmxTdE5ES1E5TU5INnY0MHlGeE5ReWlQcUVMek5TcmUyMzNOc1hNRFUwR3ZDU0Y1cG54TzA4dG5SQnB6Mkw4a0RhUDFBTm42WWdQYVVQQ21LWjN6OWNYMmY0R01TMkxiNFNxYm0wVEd4eE9kRmlSNXk3X3REcjBFd1d2Qks3UTExVVk5Q2FlVm5GQ04taXhUQQ?oc=5\" target=\"_blank\" rel=\"nofollow noopener\">13 stundas uzbruka Putina rezidencei! Krievijas Aizsardz\u012bbas ministrija st\u0101sta par &#8220;ukrai\u0146u uzbrukumu&#8221;. Viet\u0113jie iedz\u012bvot\u0101ji izbr\u012bn\u012bti<\/a>&nbsp;&nbsp;Jauns.lv<\/li>\n<li><a href=\"https:\/\/news.google.com\/rss\/articles\/CBMiwAFBVV95cUxPbEtSeUQ0RGdXXzgzaDg3dXVjeXF0TXgxd0xDdTJfcF8zNGhfeHVNQ1oxXzluM1VULVA5YnBscFN4NGo2LXVsVXk0VGtHcVdSNzZDUG1qZFAzTWlRM3dPN0UtV3U3dXZHZ0RwaG01TzQweHBYeG84elVJNlZjR0Rqc3NCal9OWEQtMFRJQmNCRmVKY1Y3djkzTzZNWUwtSjRGajNRSmpLeVY4UkxHa1htb3FnR0s1aU9fUktDNTZQVGU?oc=5\" target=\"_blank\" rel=\"nofollow noopener\">Krievijas Feder\u0101cija public\u0113ja \u201cpier\u0101d\u012bjumus par drona uzbrukumu\u201d Putina rezidencei, pie\u013caujot \u201cunik\u0101lu\u201d k\u013c\u016bdu<\/a>&nbsp;&nbsp;LA.LV<\/li>\n<li><a href=\"https:\/\/news.google.com\/rss\/articles\/CBMitwFBVV95cUxPYlpnSkxOOHJJTXR0blQxQWJPUjBqTWJSZEVmRnRtMFhEZmlHQ2ROTmNnY0J0MWkwcVRDM3RUSC1yODVJak8wajIzTWN4c1lqNW1FQk1HRjJyOXBKOFdkcUVNbnk5WTlvbTQzVDdnb2dUTF9tSDNaS2lJSjBOR0MwdUpvRmFmTmVRRElkNXgzMHh6TmRCZkNrNW1hVzlaS1o5a19ZZ1FUM3duRFg5N25xR1V2Q0N6UW8?oc=5\" target=\"_blank\" rel=\"nofollow noopener\">Krievija veikusi pla\u0161u uzbrukumu Odesai un t\u0101s apgabalam \/ Raksts<\/a>&nbsp;&nbsp;LSM<\/li>\n<li><a href=\"https:\/\/news.google.com\/rss\/articles\/CBMi1wFBVV95cUxOYUhUZ1hWWWVMR1I2dFJRQ2hVb01BMzJmNXh2UVBkcUJMNzZRUWRzMkxoVHVYOXI0a09kSV9kT1oxdmVCOXNrcjhXYk5JYmJsWWtnUUJHTVhhNHhKVzVoMEN4N0lobndMQmRFRTJrdzJDalpKaUxNTzd5UHh2T29FSDVQbUtTUS1SSXN3ZEV2WUxjUlhQZTRJLWMtLUh5eVpJc1UwLVhBcUhsWEh6cHJjX0JXRnA2OFU5ejlCQlU2OVAwNTFLMnZLT2FMdzdEVjU4V0pDc2FETQ?oc=5\" target=\"_blank\" rel=\"nofollow noopener\">ASV s\u016btnis NATO ap\u0161auba Krievijas apgalvojumus, ka Ukraina b\u016btu uzbrukusi Putina rezidencei ar droniem<\/a>&nbsp;&nbsp;Jauns.lv<\/li>\n<li><a href=\"https:\/\/news.google.com\/rss\/articles\/CBMipwFBVV95cUxNR1JCdHdmQTFMbDdfb3RiZVNHUUw1ajk4RER3eWpsakNHZ0JDOWk2OUVXWmNTZGNYRDNEdnU1RHBRM0dZcDI3bi02NF9KaXZfMldjTUpieVBMTGlfWE9HS3FreERNWmp1MlQ5c19GTVBNekMzR3Jhcm83b3dpSlF2aGNmamg1OTZtUlFkTnlqNmZtbGxqamp2dkRxWk55TExZVUxpc2tCRQ?oc=5\" target=\"_blank\" rel=\"nofollow noopener\">Maskava ir aizvainota: Kremlis pazi\u0146o par jauniem miera sarunu nosac\u012bjumiem<\/a>&nbsp;&nbsp;Apollo.lv<\/li>\n<\/ol>\n","protected":false},"excerpt":{"rendered":"13 stundas uzbruka Putina rezidencei! Krievijas Aizsardz\u012bbas ministrija st\u0101sta par &#8220;ukrai\u0146u uzbrukumu&#8221;. Viet\u0113jie iedz\u012bvot\u0101ji izbr\u012bn\u012bti&nbsp;&nbsp;Jauns.lv Krievijas Feder\u0101cija public\u0113ja&hellip;\n","protected":false},"author":2,"featured_media":80292,"comment_status":"","ping_status":"","sticky":false,"template":"","format":"standard","meta":{"footnotes":""},"categories":[14],"tags":[23,57,28,29,32,33,22,30,31,35,39,38,36,37,34,40,20,26,27,24,25,54,55,56,21,58],"class_list":{"0":"post-91115","1":"post","2":"type-post","3":"status-publish","4":"format-standard","5":"has-post-thumbnail","7":"category-zinas-no-arvalstim","8":"tag-aktualitates","9":"tag-arvalstim","10":"tag-breaking-news","11":"tag-breakingnews","12":"tag-featured-news","13":"tag-featurednews","14":"tag-headlines","15":"tag-latest-news","16":"tag-latestnews","17":"tag-latvia","18":"tag-latvian","19":"tag-latviesu","20":"tag-latviesu-valoda","21":"tag-latviesuvaloda","22":"tag-latvija","23":"tag-lv","24":"tag-news","25":"tag-popularakas-zinas","26":"tag-popularakaszinas","27":"tag-top-stories","28":"tag-topstories","29":"tag-world","30":"tag-world-news","31":"tag-worldnews","32":"tag-zinas","33":"tag-zinas-no-arvalstim"},"share_on_mastodon":{"url":"https:\/\/pubeurope.com\/@lv\/115815685963703176","error":""},"_links":{"self":[{"href":"https:\/\/www.europesays.com\/lv\/wp-json\/wp\/v2\/posts\/91115","targetHints":{"allow":["GET"]}}],"collection":[{"href":"https:\/\/www.europesays.com\/lv\/wp-json\/wp\/v2\/posts"}],"about":[{"href":"https:\/\/www.europesays.com\/lv\/wp-json\/wp\/v2\/types\/post"}],"author":[{"embeddable":true,"href":"https:\/\/www.europesays.com\/lv\/wp-json\/wp\/v2\/users\/2"}],"replies":[{"embeddable":true,"href":"https:\/\/www.europesays.com\/lv\/wp-json\/wp\/v2\/comments?post=91115"}],"version-history":[{"count":0,"href":"https:\/\/www.europesays.com\/lv\/wp-json\/wp\/v2\/posts\/91115\/revisions"}],"wp:featuredmedia":[{"embeddable":true,"href":"https:\/\/www.europesays.com\/lv\/wp-json\/wp\/v2\/media\/80292"}],"wp:attachment":[{"href":"https:\/\/www.europesays.com\/lv\/wp-json\/wp\/v2\/media?parent=91115"}],"wp:term":[{"taxonomy":"category","embeddable":true,"href":"https:\/\/www.europesays.com\/lv\/wp-json\/wp\/v2\/categories?post=91115"},{"taxonomy":"post_tag","embeddable":true,"href":"https:\/\/www.europesays.com\/lv\/wp-json\/wp\/v2\/tags?post=91115"}],"curies":[{"name":"wp","href":"https:\/\/api.w.org\/{rel}","templated":true}]}}