{"id":91120,"date":"2025-12-31T18:58:03","date_gmt":"2025-12-31T18:58:03","guid":{"rendered":"https:\/\/www.europesays.com\/lv\/91120\/"},"modified":"2025-12-31T18:58:03","modified_gmt":"2025-12-31T18:58:03","slug":"kukas-gabalins-izjauc-25-gadus-ilgu-laulibu","status":"publish","type":"post","link":"https:\/\/www.europesays.com\/lv\/91120\/","title":{"rendered":"K\u016bkas gabali\u0146\u0161 izjauc 25 gadus ilgu laul\u012bbu"},"content":{"rendered":"<p>P\u0101ris dev\u0101s kop\u012bg\u0101 ce\u013cojum\u0101, cerot atjaunot laul\u012bbu p\u0113c ilgsto\u0161iem str\u012bdiem un attiec\u012bbu spriedzes, ta\u010du <a href=\"https:\/\/www.apollo.lv\/term\/843524\/kukas-gabalins\" class=\"topicLink\" target=\"_blank\" rel=\"nofollow noopener\">k\u016bkas gabali\u0146\u0161<\/a> k\u013cuva par simbolu daudz dzi\u013c\u0101k\u0101m probl\u0113m\u0101m.<\/p>\n<p>Sieviete st\u0101st\u012bja, ka vi\u0146a bija bijusi saj\u016bsmin\u0101ta par ce\u013cojumu un cer\u0113ja, ka tas pal\u012bdz\u0113s atjaunot tuv\u012bbu ar v\u012bru.<\/p>\n<p>Vakari\u0146\u0101s vi\u0146a pas\u016bt\u012bja ban\u0101nu siera k\u016bku l\u012bdz\u0146em\u0161anai, un ar\u012b vi\u0146as v\u012brs pas\u016bt\u012bja savu gabali\u0146u.<\/p>\n<blockquote class=\"quote ck-widget\" contenteditable=\"false\">\n<p>Ta\u010du, kad vi\u0146a no r\u012bta v\u0113l\u0113j\u0101s nobaud\u012bt savu k\u016bkas gabali\u0146u, t\u0101 bija pazudusi.<\/p>\n<\/blockquote>\n<p>Vi\u0146as v\u012brs sm\u0113j\u0101s un atzin\u0101s, ka vakar vakar\u0101 vi\u0146\u0161 ap\u0113da otru k\u016bkas gabali\u0146u, atst\u0101jot tikai &#8220;drupa\u010das&#8221;.<\/p>\n<p>Sieviete nor\u0101d\u012bja, ka vi\u0146a bija r\u016bp\u0113jusies par v\u012bru, \u0123imeni un m\u0101ju 25 gadus, audzin\u0101jusi b\u0113rnus, organiz\u0113jusi \u0101rsta viz\u012btes un r\u016bp\u0113jusies par m\u0101jsaimniec\u012bbu, bet sa\u0146\u0113musi tikai &#8220;drupa\u010das&#8221;.<\/p>\n<p>Vi\u0146a atzina, ka k\u016bkas gabali\u0146\u0161 bija tikai iemesls, lai apzin\u0101tos, ka probl\u0113ma nav tikai par desertu, bet par visu ilgsto\u0161o nenov\u0113rt\u0113\u0161anu.<\/p>\n<p>Vi\u0146a saprata, ka ir peln\u012bjusi vair\u0101k nek\u0101 tikai &#8220;drupa\u010das&#8221;.<\/p>\n<p>P\u0113c \u0161\u012b gad\u012bjuma sieviete nol\u0113ma izbeigt laul\u012bbu.<\/p>\n<p>Soci\u0101lajos medijos koment\u0113t\u0101ji liel\u0101koties nost\u0101j\u0101s vi\u0146as pus\u0113, nor\u0101dot, ka k\u016bkas gabali\u0146\u0161 simboliz\u0113 ilgsto\u0161u emocion\u0101lu neapmierin\u0101t\u012bbu un nenov\u0113rt\u0113jumu.<\/p>\n<p>Vi\u0146as st\u0101sts ir atg\u0101din\u0101jums, ka nelielas ikdienas darb\u012bbas var atkl\u0101t dzi\u013c\u0101kas attiec\u012bbu probl\u0113mas.<\/p>\n","protected":false},"excerpt":{"rendered":"P\u0101ris dev\u0101s kop\u012bg\u0101 ce\u013cojum\u0101, cerot atjaunot laul\u012bbu p\u0113c ilgsto\u0161iem str\u012bdiem un attiec\u012bbu spriedzes, ta\u010du k\u016bkas gabali\u0146\u0161 k\u013cuva par&hellip;\n","protected":false},"author":2,"featured_media":91121,"comment_status":"","ping_status":"","sticky":false,"template":"","format":"standard","meta":{"footnotes":""},"categories":[5],"tags":[23,28,29,32,33,22,22968,30,31,35,39,38,36,37,34,3945,40,20,26,27,3434,24,25,21],"class_list":{"0":"post-91120","1":"post","2":"type-post","3":"status-publish","4":"format-standard","5":"has-post-thumbnail","7":"category-aktualitates","8":"tag-aktualitates","9":"tag-breaking-news","10":"tag-breakingnews","11":"tag-featured-news","12":"tag-featurednews","13":"tag-headlines","14":"tag-kukas-gabalins","15":"tag-latest-news","16":"tag-latestnews","17":"tag-latvia","18":"tag-latvian","19":"tag-latviesu","20":"tag-latviesu-valoda","21":"tag-latviesuvaloda","22":"tag-latvija","23":"tag-lauliba","24":"tag-lv","25":"tag-news","26":"tag-popularakas-zinas","27":"tag-popularakaszinas","28":"tag-skirsanas","29":"tag-top-stories","30":"tag-topstories","31":"tag-zinas"},"share_on_mastodon":{"url":"https:\/\/pubeurope.com\/@lv\/115815717450458461","error":""},"_links":{"self":[{"href":"https:\/\/www.europesays.com\/lv\/wp-json\/wp\/v2\/posts\/91120","targetHints":{"allow":["GET"]}}],"collection":[{"href":"https:\/\/www.europesays.com\/lv\/wp-json\/wp\/v2\/posts"}],"about":[{"href":"https:\/\/www.europesays.com\/lv\/wp-json\/wp\/v2\/types\/post"}],"author":[{"embeddable":true,"href":"https:\/\/www.europesays.com\/lv\/wp-json\/wp\/v2\/users\/2"}],"replies":[{"embeddable":true,"href":"https:\/\/www.europesays.com\/lv\/wp-json\/wp\/v2\/comments?post=91120"}],"version-history":[{"count":0,"href":"https:\/\/www.europesays.com\/lv\/wp-json\/wp\/v2\/posts\/91120\/revisions"}],"wp:featuredmedia":[{"embeddable":true,"href":"https:\/\/www.europesays.com\/lv\/wp-json\/wp\/v2\/media\/91121"}],"wp:attachment":[{"href":"https:\/\/www.europesays.com\/lv\/wp-json\/wp\/v2\/media?parent=91120"}],"wp:term":[{"taxonomy":"category","embeddable":true,"href":"https:\/\/www.europesays.com\/lv\/wp-json\/wp\/v2\/categories?post=91120"},{"taxonomy":"post_tag","embeddable":true,"href":"https:\/\/www.europesays.com\/lv\/wp-json\/wp\/v2\/tags?post=91120"}],"curies":[{"name":"wp","href":"https:\/\/api.w.org\/{rel}","templated":true}]}}