{"id":91122,"date":"2025-12-31T19:04:08","date_gmt":"2025-12-31T19:04:08","guid":{"rendered":"https:\/\/www.europesays.com\/lv\/91122\/"},"modified":"2025-12-31T19:04:08","modified_gmt":"2025-12-31T19:04:08","slug":"somija-aizturejusi-kugi-aizdomas-par-sakaru-kabela-bojasanu-juras-posma-starp-helsinkiem-un-tallinu-jauns-lv","status":"publish","type":"post","link":"https:\/\/www.europesays.com\/lv\/91122\/","title":{"rendered":"Somija aiztur\u0113jusi ku\u0123i aizdom\u0101s par sakaru kabe\u013ca boj\u0101\u0161anu j\u016bras posm\u0101 starp Helsinkiem un Tallinu &#8211; Jauns.lv"},"content":{"rendered":"<ol>\n<li><a href=\"https:\/\/news.google.com\/rss\/articles\/CBMi1AFBVV95cUxNNTJwX0stWi1lcWExbEdwSHBqR0NEdkhGUDF4UV9HT0JsWXFGU2VuZ29ldFFzck1WMFctcUNHYk03d01jV2JFN3hZQnZtNEhmR0N1Ymp1QVFEWGc3UUkwTnVVU1Q3VVZMWHFiUm5JeW1EX21ydDBlR1l1RFBsREJCMmNyTHVWZ19RTlJ6S0hKdTNRS1dmLUVhYVNzbWxDUzlsOTRFRngtU2FQZXE5QlJCMHhLdURIeE1zODByX251dk0xby16bTNZSzFBMG4zR0NEcG54cA?oc=5\" target=\"_blank\" rel=\"nofollow noopener\">Somija aiztur\u0113jusi ku\u0123i aizdom\u0101s par sakaru kabe\u013ca boj\u0101\u0161anu j\u016bras posm\u0101 starp Helsinkiem un Tallinu<\/a>&nbsp;&nbsp;Jauns.lv<\/li>\n<li><a href=\"https:\/\/news.google.com\/rss\/articles\/CBMi3AFBVV95cUxNLUdheUpCZW9wOFFEbzdILThlV3pMT05TRGlPdGZhTDlXU1RaXzJmNlcwak5zNVpELW13NGpSUzF3eGE0LVhaMGhyR0hSYWRYT2I0V0FsMk9fZHNEbXBGZUxFLUE2WmhQTmtPQU9EeVAyLVA1aGhENGRRd19OMVFEVFlDTnpTNi1LXzN0R2FDZDZZSnVuaFhYM3lma184ZVl2NGcxb0pVSExfYUw5VjRObzAzLTlyckV2a1VCRXBZWjc5SFllQmNxTThaaEhYUExUX1JjQnUwZFZkOHNh?oc=5\" target=\"_blank\" rel=\"nofollow noopener\">Boj\u0101ts zem\u016bdens kabelis starp Igauniju un Somiju; s\u0101kta izmekl\u0113\u0161ana un aiztur\u0113ts ku\u0123is (plkst. 15.22)<\/a>&nbsp;&nbsp;Delfi<\/li>\n<li><a href=\"https:\/\/news.google.com\/rss\/articles\/CBMizwFBVV95cUxQTFVFRFhsMWJ1bDFMR01WUktRSFRfd1ZOZGJIclRFa21mbndOMDZmRUdOS2JicG05SlI2XzlLdlBCQzYwdnI2Y0pUWGI3cXowZmhkX2JKUGhXR1lnOTdqcXR0U0pWckZ6VG1xaXhscHE1S0RqOEZXMTRnNWJ0VFBZeUYzR3FaSEdqTUxCUmlocFFjM0R2MzRfRm5UNjB3b0ZJMk9ua2dqbGw2a1BfWUFmM2F5dW9XckZ0TFVfZzRQNFZ5aklTd210Tko3WTNvRjQ?oc=5\" target=\"_blank\" rel=\"nofollow noopener\">Somu l\u012bc\u012b \u0161or\u012bt boj\u0101ts sakaru kabelis; Somijas robe\u017esardze aiztur\u0113jusi ku\u0123i \/ Raksts<\/a>&nbsp;&nbsp;LSM<\/li>\n<li><a href=\"https:\/\/news.google.com\/rss\/articles\/CBMigwFBVV95cUxNLXcyYl94UllnUzllSjZXeV9fQ1FBUjZzdDEtbk5LWGxlV09xQmx0U1dLbUhvSHZ5dUUxLURZcmRYT2hTQXN4N2lYb3FhVWxlWEFvMGp4S2lDRVdrWFFjVFIyRWM3NTlsOXBSYm5ULTRGWW1McW9UTUZvOGZxb1ZSNXNSdw?oc=5\" target=\"_blank\" rel=\"nofollow noopener\">Boj\u0101ts zem\u016bdens kabelis starp Somiju un Igauniju<\/a>&nbsp;&nbsp;TVNET<\/li>\n<li><a href=\"https:\/\/news.google.com\/rss\/articles\/CBMisAFBVV95cUxNQUx3cmlHb1pkcEF6MzdNUjJTaDJicnRWWF9nOHRZeDc0Um1UQkF5dFFRd2kzVjNVcE5wOTBRT2w1YWZ5Z1VDUGhLdGNCUThab3dIM0ExejZpMjdKOWg5Tm01ODdSM282dXRseTBLX2RKOUd5c0E4ZllEdVJQY19rWHF2N3FueXhlU2Z4eGxQWGhhT0NNNTB1WHRsRjk1YjRSRnNRRVF1OUlnYldjdUUxcg?oc=5\" target=\"_blank\" rel=\"nofollow noopener\">Boj\u0101ts zem\u016bdens kabelis starp Igauniju un Somiju, aiztur\u0113ts iesp\u0113jamais vaininieks<\/a>&nbsp;&nbsp;Apollo.lv<\/li>\n<\/ol>\n","protected":false},"excerpt":{"rendered":"Somija aiztur\u0113jusi ku\u0123i aizdom\u0101s par sakaru kabe\u013ca boj\u0101\u0161anu j\u016bras posm\u0101 starp Helsinkiem un Tallinu&nbsp;&nbsp;Jauns.lv Boj\u0101ts zem\u016bdens kabelis starp&hellip;\n","protected":false},"author":2,"featured_media":91123,"comment_status":"","ping_status":"","sticky":false,"template":"","format":"standard","meta":{"footnotes":""},"categories":[5],"tags":[23,28,29,32,33,22,30,31,35,39,38,36,37,34,40,20,26,27,24,25,21],"class_list":{"0":"post-91122","1":"post","2":"type-post","3":"status-publish","4":"format-standard","5":"has-post-thumbnail","7":"category-aktualitates","8":"tag-aktualitates","9":"tag-breaking-news","10":"tag-breakingnews","11":"tag-featured-news","12":"tag-featurednews","13":"tag-headlines","14":"tag-latest-news","15":"tag-latestnews","16":"tag-latvia","17":"tag-latvian","18":"tag-latviesu","19":"tag-latviesu-valoda","20":"tag-latviesuvaloda","21":"tag-latvija","22":"tag-lv","23":"tag-news","24":"tag-popularakas-zinas","25":"tag-popularakaszinas","26":"tag-top-stories","27":"tag-topstories","28":"tag-zinas"},"share_on_mastodon":{"url":"https:\/\/pubeurope.com\/@lv\/115815741064268152","error":""},"_links":{"self":[{"href":"https:\/\/www.europesays.com\/lv\/wp-json\/wp\/v2\/posts\/91122","targetHints":{"allow":["GET"]}}],"collection":[{"href":"https:\/\/www.europesays.com\/lv\/wp-json\/wp\/v2\/posts"}],"about":[{"href":"https:\/\/www.europesays.com\/lv\/wp-json\/wp\/v2\/types\/post"}],"author":[{"embeddable":true,"href":"https:\/\/www.europesays.com\/lv\/wp-json\/wp\/v2\/users\/2"}],"replies":[{"embeddable":true,"href":"https:\/\/www.europesays.com\/lv\/wp-json\/wp\/v2\/comments?post=91122"}],"version-history":[{"count":0,"href":"https:\/\/www.europesays.com\/lv\/wp-json\/wp\/v2\/posts\/91122\/revisions"}],"wp:featuredmedia":[{"embeddable":true,"href":"https:\/\/www.europesays.com\/lv\/wp-json\/wp\/v2\/media\/91123"}],"wp:attachment":[{"href":"https:\/\/www.europesays.com\/lv\/wp-json\/wp\/v2\/media?parent=91122"}],"wp:term":[{"taxonomy":"category","embeddable":true,"href":"https:\/\/www.europesays.com\/lv\/wp-json\/wp\/v2\/categories?post=91122"},{"taxonomy":"post_tag","embeddable":true,"href":"https:\/\/www.europesays.com\/lv\/wp-json\/wp\/v2\/tags?post=91122"}],"curies":[{"name":"wp","href":"https:\/\/api.w.org\/{rel}","templated":true}]}}