{"id":91138,"date":"2025-12-31T19:35:16","date_gmt":"2025-12-31T19:35:16","guid":{"rendered":"https:\/\/www.europesays.com\/lv\/91138\/"},"modified":"2025-12-31T19:35:16","modified_gmt":"2025-12-31T19:35:16","slug":"kekavas-novada-teritorija-aizliegts-atrasties-uz-publisko-udenstilpju-ledus","status":"publish","type":"post","link":"https:\/\/www.europesays.com\/lv\/91138\/","title":{"rendered":"\u0136ekavas novada teritorij\u0101 aizliegts atrasties uz publisko \u016bdenstilpju ledus"},"content":{"rendered":"<p>Pamatojoties uz eso\u0161ajiem laikapst\u0101k\u013ciem, faktisko ledus st\u0101vokli publiskaj\u0101s \u016bdenstilpn\u0113s un prognoz\u0113m, kas, atrodoties uz ledus, var apdraud\u0113t dz\u012bv\u012bbu un vesel\u012bbu, k\u0101 ar\u012b iev\u0113rojot Pa\u0161vald\u012bbu likuma 22. panta pirm\u0101s da\u013cas 15. punktu un Zemes p\u0101rvald\u012bbas likuma 15. panta astoto da\u013cu par pa\u0161vald\u012bbas ties\u012bb\u0101m noteikt aizliegumu uz iek\u0161zemes publisko \u016bde\u0146u, citu t\u0101s vald\u012bjum\u0101 eso\u0161o \u016bde\u0146u un piegulo\u0161\u0101s j\u016bras piekrastes \u016bde\u0146u ledus b\u012bstam\u0101s viet\u0101s:<\/p>\n","protected":false},"excerpt":{"rendered":"Pamatojoties uz eso\u0161ajiem laikapst\u0101k\u013ciem, faktisko ledus st\u0101vokli publiskaj\u0101s \u016bdenstilpn\u0113s un prognoz\u0113m, kas, atrodoties uz ledus, var apdraud\u0113t dz\u012bv\u012bbu&hellip;\n","protected":false},"author":2,"featured_media":91139,"comment_status":"","ping_status":"","sticky":false,"template":"","format":"standard","meta":{"footnotes":""},"categories":[5],"tags":[23,28,29,32,33,22,30,31,35,39,38,36,37,34,40,20,26,27,24,25,21],"class_list":{"0":"post-91138","1":"post","2":"type-post","3":"status-publish","4":"format-standard","5":"has-post-thumbnail","7":"category-aktualitates","8":"tag-aktualitates","9":"tag-breaking-news","10":"tag-breakingnews","11":"tag-featured-news","12":"tag-featurednews","13":"tag-headlines","14":"tag-latest-news","15":"tag-latestnews","16":"tag-latvia","17":"tag-latvian","18":"tag-latviesu","19":"tag-latviesu-valoda","20":"tag-latviesuvaloda","21":"tag-latvija","22":"tag-lv","23":"tag-news","24":"tag-popularakas-zinas","25":"tag-popularakaszinas","26":"tag-top-stories","27":"tag-topstories","28":"tag-zinas"},"share_on_mastodon":{"url":"https:\/\/pubeurope.com\/@lv\/115815862953090471","error":""},"_links":{"self":[{"href":"https:\/\/www.europesays.com\/lv\/wp-json\/wp\/v2\/posts\/91138","targetHints":{"allow":["GET"]}}],"collection":[{"href":"https:\/\/www.europesays.com\/lv\/wp-json\/wp\/v2\/posts"}],"about":[{"href":"https:\/\/www.europesays.com\/lv\/wp-json\/wp\/v2\/types\/post"}],"author":[{"embeddable":true,"href":"https:\/\/www.europesays.com\/lv\/wp-json\/wp\/v2\/users\/2"}],"replies":[{"embeddable":true,"href":"https:\/\/www.europesays.com\/lv\/wp-json\/wp\/v2\/comments?post=91138"}],"version-history":[{"count":0,"href":"https:\/\/www.europesays.com\/lv\/wp-json\/wp\/v2\/posts\/91138\/revisions"}],"wp:featuredmedia":[{"embeddable":true,"href":"https:\/\/www.europesays.com\/lv\/wp-json\/wp\/v2\/media\/91139"}],"wp:attachment":[{"href":"https:\/\/www.europesays.com\/lv\/wp-json\/wp\/v2\/media?parent=91138"}],"wp:term":[{"taxonomy":"category","embeddable":true,"href":"https:\/\/www.europesays.com\/lv\/wp-json\/wp\/v2\/categories?post=91138"},{"taxonomy":"post_tag","embeddable":true,"href":"https:\/\/www.europesays.com\/lv\/wp-json\/wp\/v2\/tags?post=91138"}],"curies":[{"name":"wp","href":"https:\/\/api.w.org\/{rel}","templated":true}]}}