{"id":91154,"date":"2025-12-31T20:21:06","date_gmt":"2025-12-31T20:21:06","guid":{"rendered":"https:\/\/www.europesays.com\/lv\/91154\/"},"modified":"2025-12-31T20:21:06","modified_gmt":"2025-12-31T20:21:06","slug":"sabiedriba-zinamu-personu-velejumi-vel-pirms-jauna-gada-un-pardomas-par-2025-gadu","status":"publish","type":"post","link":"https:\/\/www.europesays.com\/lv\/91154\/","title":{"rendered":"Sabiedr\u012bb\u0101 zin\u0101mu personu v\u0113l\u0113jumi v\u0113l pirms Jaun\u0101 gada un p\u0101rdomas par 2025. gadu"},"content":{"rendered":"<p class=\"lead mb-md-2 mb-1 js-tv3-orphus\">Straujiem so\u013ciem tuvojas 2025. gada izska\u0146a, l\u012bdz Jaunajam gadam palicis vien \u012bss laika spr\u012bdis. Laiks l\u012bdz Zirga gadam tiek pavad\u012bts p\u0101rdom\u0101s par piedz\u012bvoto, kalto jauni pl\u0101ni, izteiktas jaunas ap\u0146em\u0161an\u0101s un skats n\u0101kotn\u0113 ikvienam ir spo\u017es un tic\u012bbas pilns.\n<\/p>\n<p>Sabiedr\u012bb\u0101 zin\u0101mas personas gatavojas sagaid\u012bt 2026. gadu, bet neaizmirst ar\u012b atvad\u012bties no 2025. gada.<\/p>\n<p>Tiek publiskotas p\u0101rdomas par piedz\u012bvoto, publiskotas noz\u012bm\u012bg\u0101ko notikumu fotogr\u0101fijas, izteiktas liel\u0101kas atzi\u0146as, ieg\u016bt\u0101s m\u0101c\u012bbas.<\/p>\n","protected":false},"excerpt":{"rendered":"Straujiem so\u013ciem tuvojas 2025. gada izska\u0146a, l\u012bdz Jaunajam gadam palicis vien \u012bss laika spr\u012bdis. Laiks l\u012bdz Zirga gadam&hellip;\n","protected":false},"author":2,"featured_media":91155,"comment_status":"","ping_status":"","sticky":false,"template":"","format":"standard","meta":{"footnotes":""},"categories":[14],"tags":[23,57,28,29,32,33,22,22977,30,31,35,39,38,36,37,34,40,20,26,27,24,25,54,55,56,21,58],"class_list":{"0":"post-91154","1":"post","2":"type-post","3":"status-publish","4":"format-standard","5":"has-post-thumbnail","7":"category-zinas-no-arvalstim","8":"tag-aktualitates","9":"tag-arvalstim","10":"tag-breaking-news","11":"tag-breakingnews","12":"tag-featured-news","13":"tag-featurednews","14":"tag-headlines","15":"tag-jaunais-gadspasmaju-slavenibasslavenibu-novelejumi-jaunaja-gada","16":"tag-latest-news","17":"tag-latestnews","18":"tag-latvia","19":"tag-latvian","20":"tag-latviesu","21":"tag-latviesu-valoda","22":"tag-latviesuvaloda","23":"tag-latvija","24":"tag-lv","25":"tag-news","26":"tag-popularakas-zinas","27":"tag-popularakaszinas","28":"tag-top-stories","29":"tag-topstories","30":"tag-world","31":"tag-world-news","32":"tag-worldnews","33":"tag-zinas","34":"tag-zinas-no-arvalstim"},"share_on_mastodon":{"url":"https:\/\/pubeurope.com\/@lv\/115816043836192900","error":""},"_links":{"self":[{"href":"https:\/\/www.europesays.com\/lv\/wp-json\/wp\/v2\/posts\/91154","targetHints":{"allow":["GET"]}}],"collection":[{"href":"https:\/\/www.europesays.com\/lv\/wp-json\/wp\/v2\/posts"}],"about":[{"href":"https:\/\/www.europesays.com\/lv\/wp-json\/wp\/v2\/types\/post"}],"author":[{"embeddable":true,"href":"https:\/\/www.europesays.com\/lv\/wp-json\/wp\/v2\/users\/2"}],"replies":[{"embeddable":true,"href":"https:\/\/www.europesays.com\/lv\/wp-json\/wp\/v2\/comments?post=91154"}],"version-history":[{"count":0,"href":"https:\/\/www.europesays.com\/lv\/wp-json\/wp\/v2\/posts\/91154\/revisions"}],"wp:featuredmedia":[{"embeddable":true,"href":"https:\/\/www.europesays.com\/lv\/wp-json\/wp\/v2\/media\/91155"}],"wp:attachment":[{"href":"https:\/\/www.europesays.com\/lv\/wp-json\/wp\/v2\/media?parent=91154"}],"wp:term":[{"taxonomy":"category","embeddable":true,"href":"https:\/\/www.europesays.com\/lv\/wp-json\/wp\/v2\/categories?post=91154"},{"taxonomy":"post_tag","embeddable":true,"href":"https:\/\/www.europesays.com\/lv\/wp-json\/wp\/v2\/tags?post=91154"}],"curies":[{"name":"wp","href":"https:\/\/api.w.org\/{rel}","templated":true}]}}