{"id":91157,"date":"2025-12-31T20:27:08","date_gmt":"2025-12-31T20:27:08","guid":{"rendered":"https:\/\/www.europesays.com\/lv\/91157\/"},"modified":"2025-12-31T20:27:08","modified_gmt":"2025-12-31T20:27:08","slug":"pamests-suns-veikala-sacel-satraukumu-tallinas-iedzivotajiem","status":"publish","type":"post","link":"https:\/\/www.europesays.com\/lv\/91157\/","title":{"rendered":"Pamests suns veikal\u0101 sace\u013c satraukumu Tallinas iedz\u012bvot\u0101jiem"},"content":{"rendered":"<p>Citi, glu\u017ei pret\u0113ji, pauda atbalstu un pateic\u012bbu par r\u016bp\u0113m. &#8220;Paldies, ka paman\u012bj\u0101t un nepag\u0101j\u0101t gar\u0101m. Un, l\u016bdzu, piev\u0113rsiet uzman\u012bbu ar\u012b n\u0101kamreiz,&#8221; rakst\u012bja lietot\u0101js.<\/p>\n<p>V\u0113l\u0101k diskusij\u0101 par\u0101d\u012bj\u0101s inform\u0101cija no cilv\u0113kiem, kuri paz\u012bst veikala \u012bpa\u0161nieku.<\/p>\n<blockquote class=\"quote ck-widget\" contenteditable=\"false\">\n<p>Izr\u0101d\u012bj\u0101s, ka suns pieder &#8220;Kalaarsenala&#8221; \u012bpa\u0161niekam T\u012btam.<\/p>\n<\/blockquote>\n<p>Dz\u012bvniekam bija gu\u013cvieta, bar\u012bba un \u016bdens, un veikals tam bija paz\u012bstama vieta, praktiski m\u0101jas.<\/p>\n<p>&#8220;Ar suni viss ir k\u0101rt\u012bb\u0101. Vi\u0146\u0161 tur netika pamesta. Bet sve\u0161inieki, kas vi\u0146u &#8220;gl\u0101bj&#8221;, rada vi\u0146ai liel\u0101ku stresu,&#8221; s\u016bdz\u0113j\u0101s koment\u0113t\u0101js.<\/p>\n<p>25. decembr\u012b plkst. 17:39 policija sa\u0146\u0113ma zi\u0146ojumu par nelielu suni, kas pamests veikal\u0101 &#8220;Kalaarsenal&#8221; tirdzniec\u012bbas centr\u0101 &#8220;Arsenal&#8221; Tallin\u0101.<\/p>\n<p>Policija ierad\u0101s, p\u0101rbaud\u012bja notikuma vietu un sazin\u0101j\u0101s ar veikala \u012bpa\u0161nieku. \u012apa\u0161nieks apstiprin\u0101ja, ka ierad\u012bsies suni pa\u0146emt. Sunim bija ar\u012b bar\u012bba un \u016bdens,&#8221; sac\u012bja rajona policijas darbinieks.<\/p>\n<p>&#8220;Postimees&#8221; sazin\u0101j\u0101s ar\u012b ar &#8220;Kalaarsenal&#8221; veikala p\u0101rst\u0101vi, ta\u010du vi\u0146\u0161 atteic\u0101s koment\u0113t situ\u0101ciju.<\/p>\n","protected":false},"excerpt":{"rendered":"Citi, glu\u017ei pret\u0113ji, pauda atbalstu un pateic\u012bbu par r\u016bp\u0113m. &#8220;Paldies, ka paman\u012bj\u0101t un nepag\u0101j\u0101t gar\u0101m. Un, l\u016bdzu, piev\u0113rsiet&hellip;\n","protected":false},"author":2,"featured_media":91158,"comment_status":"","ping_status":"","sticky":false,"template":"","format":"standard","meta":{"footnotes":""},"categories":[14],"tags":[23,57,28,29,32,33,22,73,30,31,35,39,38,36,37,34,40,20,26,27,316,2794,24,25,19184,54,55,56,21,58],"class_list":{"0":"post-91157","1":"post","2":"type-post","3":"status-publish","4":"format-standard","5":"has-post-thumbnail","7":"category-zinas-no-arvalstim","8":"tag-aktualitates","9":"tag-arvalstim","10":"tag-breaking-news","11":"tag-breakingnews","12":"tag-featured-news","13":"tag-featurednews","14":"tag-headlines","15":"tag-igaunija","16":"tag-latest-news","17":"tag-latestnews","18":"tag-latvia","19":"tag-latvian","20":"tag-latviesu","21":"tag-latviesu-valoda","22":"tag-latviesuvaloda","23":"tag-latvija","24":"tag-lv","25":"tag-news","26":"tag-popularakas-zinas","27":"tag-popularakaszinas","28":"tag-suns","29":"tag-tallina","30":"tag-top-stories","31":"tag-topstories","32":"tag-veikals","33":"tag-world","34":"tag-world-news","35":"tag-worldnews","36":"tag-zinas","37":"tag-zinas-no-arvalstim"},"share_on_mastodon":{"url":"https:\/\/pubeurope.com\/@lv\/115816067386011260","error":""},"_links":{"self":[{"href":"https:\/\/www.europesays.com\/lv\/wp-json\/wp\/v2\/posts\/91157","targetHints":{"allow":["GET"]}}],"collection":[{"href":"https:\/\/www.europesays.com\/lv\/wp-json\/wp\/v2\/posts"}],"about":[{"href":"https:\/\/www.europesays.com\/lv\/wp-json\/wp\/v2\/types\/post"}],"author":[{"embeddable":true,"href":"https:\/\/www.europesays.com\/lv\/wp-json\/wp\/v2\/users\/2"}],"replies":[{"embeddable":true,"href":"https:\/\/www.europesays.com\/lv\/wp-json\/wp\/v2\/comments?post=91157"}],"version-history":[{"count":0,"href":"https:\/\/www.europesays.com\/lv\/wp-json\/wp\/v2\/posts\/91157\/revisions"}],"wp:featuredmedia":[{"embeddable":true,"href":"https:\/\/www.europesays.com\/lv\/wp-json\/wp\/v2\/media\/91158"}],"wp:attachment":[{"href":"https:\/\/www.europesays.com\/lv\/wp-json\/wp\/v2\/media?parent=91157"}],"wp:term":[{"taxonomy":"category","embeddable":true,"href":"https:\/\/www.europesays.com\/lv\/wp-json\/wp\/v2\/categories?post=91157"},{"taxonomy":"post_tag","embeddable":true,"href":"https:\/\/www.europesays.com\/lv\/wp-json\/wp\/v2\/tags?post=91157"}],"curies":[{"name":"wp","href":"https:\/\/api.w.org\/{rel}","templated":true}]}}