{"id":9117,"date":"2025-09-30T19:52:08","date_gmt":"2025-09-30T19:52:08","guid":{"rendered":"https:\/\/www.europesays.com\/lv\/9117\/"},"modified":"2025-09-30T19:52:08","modified_gmt":"2025-09-30T19:52:08","slug":"zelenskis-bridina-par-kritisku-situaciju-zaporizjas-aes","status":"publish","type":"post","link":"https:\/\/www.europesays.com\/lv\/9117\/","title":{"rendered":"Zelenskis br\u012bdina par kritisku situ\u0101ciju Zapori\u017ejas AES"},"content":{"rendered":"<p class=\"lead mb-md-2 mb-1 js-tv3-orphus\">Ukrainas prezidents Volodimirs Zelenskis otrdien pazi\u0146ojis, ka krievu okup\u0113t\u0101 Zapori\u017ejas atomelektrostacija (AES) jau septi\u0146as dienas atsl\u0113gta no elektroapg\u0101des t\u012bkla, un br\u012bdin\u0101ja, ka situ\u0101cija ir kritiska.\n<\/p>\n<p>\u201cSitu\u0101cija ir kritiska. Krievijas uzbrukumu d\u0113\u013c stacija ir atvienota no elektroapg\u0101des un elektrot\u012bkla. To apg\u0101d\u0101 d\u012bze\u013c\u0123eneratori,\u201d pazi\u0146oja Zelenskis. \u201cNedz \u0123eneratori, nedz stacija tam nav paredz\u0113ti, un tie nekad nav tik ilgi darboju\u0161ies \u0161\u0101d\u0101 re\u017e\u012bm\u0101. Un mums jau ir inform\u0101cija, ka viens no \u0123eneratoriem ir saboj\u0101jies,\u201d vi\u0146\u0161 piebilda.<\/p>\n","protected":false},"excerpt":{"rendered":"Ukrainas prezidents Volodimirs Zelenskis otrdien pazi\u0146ojis, ka krievu okup\u0113t\u0101 Zapori\u017ejas atomelektrostacija (AES) jau septi\u0146as dienas atsl\u0113gta no elektroapg\u0101des&hellip;\n","protected":false},"author":2,"featured_media":9118,"comment_status":"","ping_status":"","sticky":false,"template":"","format":"standard","meta":{"footnotes":""},"categories":[14],"tags":[23,57,28,29,32,33,22,3585,30,31,35,39,38,36,37,34,40,20,26,27,24,25,54,55,56,21,58],"class_list":{"0":"post-9117","1":"post","2":"type-post","3":"status-publish","4":"format-standard","5":"has-post-thumbnail","7":"category-zinas-no-arvalstim","8":"tag-aktualitates","9":"tag-arvalstim","10":"tag-breaking-news","11":"tag-breakingnews","12":"tag-featured-news","13":"tag-featurednews","14":"tag-headlines","15":"tag-kars-ukrainavolodimirs-zelenskis","16":"tag-latest-news","17":"tag-latestnews","18":"tag-latvia","19":"tag-latvian","20":"tag-latviesu","21":"tag-latviesu-valoda","22":"tag-latviesuvaloda","23":"tag-latvija","24":"tag-lv","25":"tag-news","26":"tag-popularakas-zinas","27":"tag-popularakaszinas","28":"tag-top-stories","29":"tag-topstories","30":"tag-world","31":"tag-world-news","32":"tag-worldnews","33":"tag-zinas","34":"tag-zinas-no-arvalstim"},"share_on_mastodon":{"url":"","error":""},"_links":{"self":[{"href":"https:\/\/www.europesays.com\/lv\/wp-json\/wp\/v2\/posts\/9117","targetHints":{"allow":["GET"]}}],"collection":[{"href":"https:\/\/www.europesays.com\/lv\/wp-json\/wp\/v2\/posts"}],"about":[{"href":"https:\/\/www.europesays.com\/lv\/wp-json\/wp\/v2\/types\/post"}],"author":[{"embeddable":true,"href":"https:\/\/www.europesays.com\/lv\/wp-json\/wp\/v2\/users\/2"}],"replies":[{"embeddable":true,"href":"https:\/\/www.europesays.com\/lv\/wp-json\/wp\/v2\/comments?post=9117"}],"version-history":[{"count":0,"href":"https:\/\/www.europesays.com\/lv\/wp-json\/wp\/v2\/posts\/9117\/revisions"}],"wp:featuredmedia":[{"embeddable":true,"href":"https:\/\/www.europesays.com\/lv\/wp-json\/wp\/v2\/media\/9118"}],"wp:attachment":[{"href":"https:\/\/www.europesays.com\/lv\/wp-json\/wp\/v2\/media?parent=9117"}],"wp:term":[{"taxonomy":"category","embeddable":true,"href":"https:\/\/www.europesays.com\/lv\/wp-json\/wp\/v2\/categories?post=9117"},{"taxonomy":"post_tag","embeddable":true,"href":"https:\/\/www.europesays.com\/lv\/wp-json\/wp\/v2\/tags?post=9117"}],"curies":[{"name":"wp","href":"https:\/\/api.w.org\/{rel}","templated":true}]}}