{"id":91191,"date":"2025-12-31T21:36:19","date_gmt":"2025-12-31T21:36:19","guid":{"rendered":"https:\/\/www.europesays.com\/lv\/91191\/"},"modified":"2025-12-31T21:36:19","modified_gmt":"2025-12-31T21:36:19","slug":"krievija-gatavojas-jaunam-rakesu-triecienam-ukrainai-jaungada-svetku-laika","status":"publish","type":"post","link":"https:\/\/www.europesays.com\/lv\/91191\/","title":{"rendered":"Krievija gatavojas jaunam ra\u0137e\u0161u triecienam Ukrainai Jaungada sv\u0113tku laik\u0101"},"content":{"rendered":"<p class=\"descr\">Nov\u0113ro\u0161anas kan\u0101li br\u012bdina par paaugstin\u0101tiem draudiem Kijivai un apk\u0101rt\u0113jam re\u0123ionam, raksta &#8220;dialog.ua&#8221;.<\/p>\n<p>Saska\u0146\u0101 ar \u0161iem zi\u0146ojumiem, Krievija var\u0113tu gatavot jaunu liela m\u0113roga ra\u0137e\u0161u uzbrukumu, par potenci\u0101liem m\u0113r\u0137iem minot gan vald\u012bbas \u0113kas, gan civil\u0101s iest\u0101des. Tiek zi\u0146ots, ka tuv\u0101kaj\u0101 laik\u0101 var\u0113tu pacelties vismaz \u010detri strat\u0113\u0123iskie bumbved\u0113ji Tu-22M3. <\/p>\n<p>Tr\u012bs \u0161\u0101da tipa lidma\u0161\u012bnas iepriek\u0161 nolaid\u0101s &#8220;Engels-2&#8221; lidlauk\u0101 Saratovas apgabal\u0101, lai sagatavotos un apbru\u0146otos ar sp\u0101rnotaj\u0101m ra\u0137et\u0113m. T\u0101s ir Kh-22 un to moderniz\u0113t\u0101 versija Kh-32. \u0160\u012bs ra\u0137etes tiek uzskat\u012btas par vien\u0101m no b\u012bstam\u0101kaj\u0101m. T\u0101s lido ar lielu, gandr\u012bz virsska\u0146as \u0101trumu un nes jaud\u012bgu kaujas galvi\u0146u. Tom\u0113r to precizit\u0101te pret zemes m\u0113r\u0137iem joproj\u0101m ir zema, t\u0101p\u0113c civiliedz\u012bvot\u0101ju upuru risks ir \u0101rk\u0101rt\u012bgi augsts.<\/p>\n<p> Agresorvalsts vair\u0101kk\u0101rt ir izmantojusi \u0161\u0101da veida ra\u0137etes tie\u0161am teroram pret civiliedz\u012bvot\u0101jiem. Anal\u012bti\u0137i nor\u0101da, ka Krievija var\u0113tu izmantot jauno uzbrukumu k\u0101 ieganstu, lai trauc\u0113tu vai aizkav\u0113tu jebk\u0101das sarunas. T\u0101 k\u0101 nav patiesu iemeslu, Maskava tos b\u016bt\u012bb\u0101 rada m\u0101ksl\u012bgi, pastiprinot ra\u0137e\u0161u teroru un spiedienu uz Ukrainas civiliedz\u012bvot\u0101jiem. <a href=\"https:\/\/nra.lv\/birka\/kijiva\/\" rel=\"nofollow noopener\" target=\"_blank\">Kij<\/a><a href=\"https:\/\/nra.lv\/birka\/kijiva\/\" rel=\"nofollow noopener\" target=\"_blank\">i<\/a><a href=\"https:\/\/nra.lv\/birka\/kijiva\/\" rel=\"nofollow noopener\" target=\"_blank\">vas<\/a> un apk\u0101rt\u0113j\u0101 re\u0123iona iedz\u012bvot\u0101ji tiek aicin\u0101ti piev\u0113rst \u012bpa\u0161u uzman\u012bbu gaisa trauksmes sir\u0113n\u0101m un nekav\u0113joties rea\u0123\u0113t uz zi\u0146ojumiem par iesp\u0113jamiem gaisa triecieniem. Saska\u0146\u0101 ar nov\u0113ro\u0161anas resursiem, ra\u0137e\u0161u uzbrukuma risks turpm\u0101kaj\u0101s dien\u0101s joproj\u0101m ir augsts, un Krievijas r\u012bc\u012bba var\u0113tu b\u016bt demonstrat\u012bvi skarba un iebied\u0113jo\u0161a, raksta &#8220;Dialog UA&#8221;. <\/p>\n<p>\t\t\t\t\t\tinfo<\/p>\n<p>Uzzini pirmais<br \/>kas interesants noticis Latvij\u0101 un pasaul\u0113,<br \/>pievienojoties mums <a href=\"https:\/\/t.me\/neatkariga\" rel=\"nofollow\">Telegram<\/a> vai <a href=\"https:\/\/whatsapp.com\/channel\/0029VaMLFUH5K3zLU5s4wm3y\" rel=\"nofollow noopener\" target=\"_blank\">Whatsapp<\/a> kan\u0101l\u0101<\/p>\n","protected":false},"excerpt":{"rendered":"Nov\u0113ro\u0161anas kan\u0101li br\u012bdina par paaugstin\u0101tiem draudiem Kijivai un apk\u0101rt\u0113jam re\u0123ionam, raksta &#8220;dialog.ua&#8221;. Saska\u0146\u0101 ar \u0161iem zi\u0146ojumiem, Krievija var\u0113tu&hellip;\n","protected":false},"author":2,"featured_media":91192,"comment_status":"","ping_status":"","sticky":false,"template":"","format":"standard","meta":{"footnotes":""},"categories":[5],"tags":[23,28,29,32,33,22,30,31,35,39,38,36,37,34,40,20,26,27,24,25,21],"class_list":{"0":"post-91191","1":"post","2":"type-post","3":"status-publish","4":"format-standard","5":"has-post-thumbnail","7":"category-aktualitates","8":"tag-aktualitates","9":"tag-breaking-news","10":"tag-breakingnews","11":"tag-featured-news","12":"tag-featurednews","13":"tag-headlines","14":"tag-latest-news","15":"tag-latestnews","16":"tag-latvia","17":"tag-latvian","18":"tag-latviesu","19":"tag-latviesu-valoda","20":"tag-latviesuvaloda","21":"tag-latvija","22":"tag-lv","23":"tag-news","24":"tag-popularakas-zinas","25":"tag-popularakaszinas","26":"tag-top-stories","27":"tag-topstories","28":"tag-zinas"},"share_on_mastodon":{"url":"https:\/\/pubeurope.com\/@lv\/115816338797959471","error":""},"_links":{"self":[{"href":"https:\/\/www.europesays.com\/lv\/wp-json\/wp\/v2\/posts\/91191","targetHints":{"allow":["GET"]}}],"collection":[{"href":"https:\/\/www.europesays.com\/lv\/wp-json\/wp\/v2\/posts"}],"about":[{"href":"https:\/\/www.europesays.com\/lv\/wp-json\/wp\/v2\/types\/post"}],"author":[{"embeddable":true,"href":"https:\/\/www.europesays.com\/lv\/wp-json\/wp\/v2\/users\/2"}],"replies":[{"embeddable":true,"href":"https:\/\/www.europesays.com\/lv\/wp-json\/wp\/v2\/comments?post=91191"}],"version-history":[{"count":0,"href":"https:\/\/www.europesays.com\/lv\/wp-json\/wp\/v2\/posts\/91191\/revisions"}],"wp:featuredmedia":[{"embeddable":true,"href":"https:\/\/www.europesays.com\/lv\/wp-json\/wp\/v2\/media\/91192"}],"wp:attachment":[{"href":"https:\/\/www.europesays.com\/lv\/wp-json\/wp\/v2\/media?parent=91191"}],"wp:term":[{"taxonomy":"category","embeddable":true,"href":"https:\/\/www.europesays.com\/lv\/wp-json\/wp\/v2\/categories?post=91191"},{"taxonomy":"post_tag","embeddable":true,"href":"https:\/\/www.europesays.com\/lv\/wp-json\/wp\/v2\/tags?post=91191"}],"curies":[{"name":"wp","href":"https:\/\/api.w.org\/{rel}","templated":true}]}}