{"id":91197,"date":"2025-12-31T21:42:33","date_gmt":"2025-12-31T21:42:33","guid":{"rendered":"https:\/\/www.europesays.com\/lv\/91197\/"},"modified":"2025-12-31T21:42:33","modified_gmt":"2025-12-31T21:42:33","slug":"maestro-raimonds-pauls-parcietis-operaciju","status":"publish","type":"post","link":"https:\/\/www.europesays.com\/lv\/91197\/","title":{"rendered":"Maestro Raimonds Pauls p\u0101rcietis oper\u0101ciju"},"content":{"rendered":"<p class=\"descr\">Maestro Raimondam Paulam aizvad\u012btais gads bijis smags &#8211; m\u016b\u017e\u012bb\u0101 aizsaukti vair\u0101ki vi\u0146am m\u012b\u013ci cilv\u0113ki, bet pats vi\u0146\u0161 p\u0101rcietis oper\u0101ciju, LTV raid\u012bjum\u0101 \u017eurn\u0101listei Anetei B\u0113rtulei atkl\u0101ja pats Raimonds Pauls.<\/p>\n<p>&#8220;M\u016b\u017e\u012bb\u0101 aizsaukta ne tikai mana kundze, bet ar\u012b mana m\u0101sa un Latvijas izcil\u0101kais politi\u0137is J\u0101nis Peters,&#8221; LTV raid\u012bjum\u0101 teica Raimonds Pauls.<\/p>\n<p>Savuk\u0101rt vi\u0146u pa\u0161u ar Neatliekamo medic\u012bnisko pal\u012bdz\u012bbu n\u0101cies nog\u0101d\u0101t slimn\u012bc\u0101, kur vi\u0146am veikta oper\u0101cija.<\/p>\n<p>&#8220;Andrejs \u0112rglis uzrot\u012bja piedurknes un \u0146\u0113m\u0101s pa man\u0101m iek\u0161\u0101m,&#8221; ar humoru teica R. Pauls.<\/p>\n<p>Port\u0101ls NRA jau rakst\u012bja, ka janv\u0101r\u012b 85 gadu vecum\u0101 nomira latvie\u0161u dzejnieks, sabiedriskais darbinieks un diplom\u0101ts<a href=\"https:\/\/nra.lv\/birka\/janis-peters\/\" rel=\"nofollow noopener\" target=\"_blank\"> J\u0101nis Peters.<\/a><\/p>\n<p>Savuk\u0101rt febru\u0101r\u012b m\u016b\u017e\u012bb\u0101 dev\u0101s izcil\u0101 latvie\u0161u tekstilm\u0101ksliniece Ed\u012bte Pauls-V\u012bgnere (1939-2025). Vair\u0101k var uzzin\u0101t <a href=\"https:\/\/nra.lv\/latvija\/483852-rigas-krematorija-notiks-atvadas-no-izcilas-tekstilmaksliniece-edites-pauls-vigneres.htm\" target=\"_blank\" rel=\"noopener nofollow\">\u0161eit.<\/a> Vi\u0146as rado\u0161\u0101 darba m\u016b\u017es aizs\u0101k\u0101s pag\u0101ju\u0161\u0101 gadsimta se\u0161desmitajos gados un turpin\u0101j\u0101s l\u012bdz pat p\u0113d\u0113j\u0101m m\u016b\u017ea dien\u0101m. M\u0101kslinieces talants un sniegums visaugst\u0101kaj\u0101 l\u012bmen\u012b nov\u0113rt\u0113ts gan Latvij\u0101, gan pasaul\u0113. Vi\u0146as darbi bija apskat\u0101mi neskait\u0101m\u0101s izst\u0101d\u0113s, p\u0101rsteidzot ar v\u0113rienu, kr\u0101\u0161\u0146umu, inovat\u012bvu pieeju un neparast\u0101m tehnik\u0101m, iemantojot m\u0101kslas baud\u012bt\u0101ju m\u012blest\u012bbu<\/p>\n<p>\t\t\t\t\t\tinfo<\/p>\n<p>Uzzini pirmais<br \/>kas interesants noticis Latvij\u0101 un pasaul\u0113,<br \/>pievienojoties mums <a href=\"https:\/\/t.me\/neatkariga\" rel=\"nofollow\">Telegram<\/a> vai <a href=\"https:\/\/whatsapp.com\/channel\/0029VaMLFUH5K3zLU5s4wm3y\" rel=\"nofollow noopener\" target=\"_blank\">Whatsapp<\/a> kan\u0101l\u0101<\/p>\n","protected":false},"excerpt":{"rendered":"Maestro Raimondam Paulam aizvad\u012btais gads bijis smags &#8211; m\u016b\u017e\u012bb\u0101 aizsaukti vair\u0101ki vi\u0146am m\u012b\u013ci cilv\u0113ki, bet pats vi\u0146\u0161 p\u0101rcietis&hellip;\n","protected":false},"author":2,"featured_media":91198,"comment_status":"","ping_status":"","sticky":false,"template":"","format":"standard","meta":{"footnotes":""},"categories":[5],"tags":[23,28,29,32,33,22,30,31,35,39,38,36,37,34,40,20,26,27,24,25,21],"class_list":{"0":"post-91197","1":"post","2":"type-post","3":"status-publish","4":"format-standard","5":"has-post-thumbnail","7":"category-aktualitates","8":"tag-aktualitates","9":"tag-breaking-news","10":"tag-breakingnews","11":"tag-featured-news","12":"tag-featurednews","13":"tag-headlines","14":"tag-latest-news","15":"tag-latestnews","16":"tag-latvia","17":"tag-latvian","18":"tag-latviesu","19":"tag-latviesu-valoda","20":"tag-latviesuvaloda","21":"tag-latvija","22":"tag-lv","23":"tag-news","24":"tag-popularakas-zinas","25":"tag-popularakaszinas","26":"tag-top-stories","27":"tag-topstories","28":"tag-zinas"},"share_on_mastodon":{"url":"https:\/\/pubeurope.com\/@lv\/115816362298812700","error":""},"_links":{"self":[{"href":"https:\/\/www.europesays.com\/lv\/wp-json\/wp\/v2\/posts\/91197","targetHints":{"allow":["GET"]}}],"collection":[{"href":"https:\/\/www.europesays.com\/lv\/wp-json\/wp\/v2\/posts"}],"about":[{"href":"https:\/\/www.europesays.com\/lv\/wp-json\/wp\/v2\/types\/post"}],"author":[{"embeddable":true,"href":"https:\/\/www.europesays.com\/lv\/wp-json\/wp\/v2\/users\/2"}],"replies":[{"embeddable":true,"href":"https:\/\/www.europesays.com\/lv\/wp-json\/wp\/v2\/comments?post=91197"}],"version-history":[{"count":0,"href":"https:\/\/www.europesays.com\/lv\/wp-json\/wp\/v2\/posts\/91197\/revisions"}],"wp:featuredmedia":[{"embeddable":true,"href":"https:\/\/www.europesays.com\/lv\/wp-json\/wp\/v2\/media\/91198"}],"wp:attachment":[{"href":"https:\/\/www.europesays.com\/lv\/wp-json\/wp\/v2\/media?parent=91197"}],"wp:term":[{"taxonomy":"category","embeddable":true,"href":"https:\/\/www.europesays.com\/lv\/wp-json\/wp\/v2\/categories?post=91197"},{"taxonomy":"post_tag","embeddable":true,"href":"https:\/\/www.europesays.com\/lv\/wp-json\/wp\/v2\/tags?post=91197"}],"curies":[{"name":"wp","href":"https:\/\/api.w.org\/{rel}","templated":true}]}}