{"id":91204,"date":"2025-12-31T21:53:15","date_gmt":"2025-12-31T21:53:15","guid":{"rendered":"https:\/\/www.europesays.com\/lv\/91204\/"},"modified":"2025-12-31T21:53:15","modified_gmt":"2025-12-31T21:53:15","slug":"mes-mainam-noteikumus-hermanis-pievienojies-partijai-republika","status":"publish","type":"post","link":"https:\/\/www.europesays.com\/lv\/91204\/","title":{"rendered":"M\u0113s main\u0101m noteikumus.&#8221; Hermanis pievienojies partijai &#8220;Republika"},"content":{"rendered":"<p>Herma\u0146a pied\u0101v\u0101 atcelt visus ierobe\u017eojumus savas zemes, me\u017eu izmanto\u0161anai un priv\u0101tai apb\u016bvei, k\u0101 ar\u012b at\u013caut visiem zemessargiem tur\u0113t m\u0101j\u0101s iero\u010dus. T\u0101pat vi\u0146\u0161 pied\u0101v\u0101, ka &#8220;uz\u0146\u0113m\u0113jdarb\u012bbas nevajadz\u012bga regul\u0113\u0161ana un kontrol\u0113\u0161ana tiek trakt\u0113ta k\u0101 valsts sabot\u0101\u017ea ar attiec\u012bg\u0101m sek\u0101m&#8221;, un &#8220;skolu vada direktors, nevis ministrija&#8221;.<\/p>\n<p>Hermanis nor\u0101da, ka &#8220;m\u016bsu priek\u0161likums b\u016bs ar\u012b pirmais solis, lai iedro\u0161in\u0101tu atgriezties m\u0101j\u0101s tos 400 000 m\u016bs\u0113jo, kuri tika izspiesti lauk\u0101&#8221;, piebilstot, ka &#8220;mums nevajag nek\u0101dus &#8220;gudros&#8221; imigrantus, mums vajag m\u016bs\u0113jos. Valsts ir priek\u0161 tautas un nevis otr\u0101di&#8221;.<\/p>\n<p>Vienlaikus Hermanis pau\u017e gatav\u012bbu s\u0101kum\u0101 b\u016bt jaunizveidot\u0101s partijas vad\u012bt\u0101js.<\/p>\n<p>Jau zi\u0146ots, ka Hermanis, Ba\u0161ko, Armands Broks, P\u0113teris Spro\u0123is un Guntars V\u012btols 11. novembr\u012b ofici\u0101li dibin\u0101ja biedr\u012bbu &#8220;Bez partij\u0101m&#8221;. Tika nor\u0101d\u012bts, ka t\u0101s m\u0113r\u0137is ir apvienot domubiedrus, lai izstr\u0101d\u0101tu praktisku un \u012bstenojamu valsts att\u012bst\u012bbas pl\u0101nu. Saska\u0146\u0101 ar stat\u016btiem biedr\u012bbas prim\u0101rais m\u0113r\u0137is ir pan\u0101kt izmai\u0146as v\u0113l\u0113\u0161anu k\u0101rt\u012bb\u0101, radot taisn\u012bg\u0101ku, caursp\u012bd\u012bg\u0101ku un cilv\u0113kam atbild\u012bg\u0101ku politisko sist\u0113mu.<\/p>\n<p>\u012asi p\u0113c dibin\u0101\u0161anas biedr\u012bbu &#8220;Bez partij\u0101m&#8221; pameta Ba\u0161ko, bet decembra vid\u016b ar\u012b Hermanis.<\/p>\n<p>A\u0123ent\u016bras LETA arh\u012bvs liecina, ka partiju &#8220;Republika&#8221; 2021. gad\u0101 izveidoja Vja\u010deslavs Dombrovskis, kur\u0161 tagad p\u0101rst\u0101v &#8220;Latvijas att\u012bst\u012bbai&#8221;.<\/p>\n<p>\u0160obr\u012bd partijas vald\u0113 str\u0101d\u0101 Linda Valaine-Roh\u0146ana, Elviss Ozols, Inguss Kudi\u0146\u0161, \u0112riks Pucens un M\u0101ris Feldmanis, liecina &#8220;Firmas.lv&#8221; inform\u0101cija.<\/p>\n","protected":false},"excerpt":{"rendered":"Herma\u0146a pied\u0101v\u0101 atcelt visus ierobe\u017eojumus savas zemes, me\u017eu izmanto\u0161anai un priv\u0101tai apb\u016bvei, k\u0101 ar\u012b at\u013caut visiem zemessargiem tur\u0113t&hellip;\n","protected":false},"author":2,"featured_media":91205,"comment_status":"","ping_status":"","sticky":false,"template":"","format":"standard","meta":{"footnotes":""},"categories":[12],"tags":[23,5992,28,29,32,33,22,30,31,35,39,38,36,37,34,40,20,3923,26,27,24,25,21],"class_list":{"0":"post-91204","1":"post","2":"type-post","3":"status-publish","4":"format-standard","5":"has-post-thumbnail","7":"category-latvija","8":"tag-aktualitates","9":"tag-alvis-hermanis","10":"tag-breaking-news","11":"tag-breakingnews","12":"tag-featured-news","13":"tag-featurednews","14":"tag-headlines","15":"tag-latest-news","16":"tag-latestnews","17":"tag-latvia","18":"tag-latvian","19":"tag-latviesu","20":"tag-latviesu-valoda","21":"tag-latviesuvaloda","22":"tag-latvija","23":"tag-lv","24":"tag-news","25":"tag-politika","26":"tag-popularakas-zinas","27":"tag-popularakaszinas","28":"tag-top-stories","29":"tag-topstories","30":"tag-zinas"},"share_on_mastodon":{"url":"https:\/\/pubeurope.com\/@lv\/115816405629854134","error":""},"_links":{"self":[{"href":"https:\/\/www.europesays.com\/lv\/wp-json\/wp\/v2\/posts\/91204","targetHints":{"allow":["GET"]}}],"collection":[{"href":"https:\/\/www.europesays.com\/lv\/wp-json\/wp\/v2\/posts"}],"about":[{"href":"https:\/\/www.europesays.com\/lv\/wp-json\/wp\/v2\/types\/post"}],"author":[{"embeddable":true,"href":"https:\/\/www.europesays.com\/lv\/wp-json\/wp\/v2\/users\/2"}],"replies":[{"embeddable":true,"href":"https:\/\/www.europesays.com\/lv\/wp-json\/wp\/v2\/comments?post=91204"}],"version-history":[{"count":0,"href":"https:\/\/www.europesays.com\/lv\/wp-json\/wp\/v2\/posts\/91204\/revisions"}],"wp:featuredmedia":[{"embeddable":true,"href":"https:\/\/www.europesays.com\/lv\/wp-json\/wp\/v2\/media\/91205"}],"wp:attachment":[{"href":"https:\/\/www.europesays.com\/lv\/wp-json\/wp\/v2\/media?parent=91204"}],"wp:term":[{"taxonomy":"category","embeddable":true,"href":"https:\/\/www.europesays.com\/lv\/wp-json\/wp\/v2\/categories?post=91204"},{"taxonomy":"post_tag","embeddable":true,"href":"https:\/\/www.europesays.com\/lv\/wp-json\/wp\/v2\/tags?post=91204"}],"curies":[{"name":"wp","href":"https:\/\/api.w.org\/{rel}","templated":true}]}}