{"id":91207,"date":"2025-12-31T21:59:07","date_gmt":"2025-12-31T21:59:07","guid":{"rendered":"https:\/\/www.europesays.com\/lv\/91207\/"},"modified":"2025-12-31T21:59:07","modified_gmt":"2025-12-31T21:59:07","slug":"premjere-jaunaja-gada-novel-izaicinat-sevi-tiekties-uz-izcilibu-un-nebaidities-no-nakotnes-raksts","status":"publish","type":"post","link":"https:\/\/www.europesays.com\/lv\/91207\/","title":{"rendered":"Premjere Jaunaj\u0101 gad\u0101 nov\u0113l izaicin\u0101t sevi, tiekties uz izcil\u012bbu un nebaid\u012bties no n\u0101kotnes \/ Raksts"},"content":{"rendered":"<p>Premjere Evika Sili\u0146a (&#8220;Jaun\u0101 Vienot\u012bba&#8221;), apsveicot Jaunaj\u0101 gad\u0101, uzsv\u0113ra, ka\u00a0ikkatrs Latvijas cilv\u0113ks ir v\u0113rt\u012bba neatkar\u012bgi no darba, ko veic. Premjere\u00a0nov\u0113l\u0113ja\u00a0ikvienam\u00a0izaicin\u0101t pa\u0161am sevi, p\u0101rsp\u0113t pa\u0161am sevi, izk\u0101pt no ikdieni\u0161\u0137\u0101 un tiekties uz izcil\u012bbu.\u00a0<\/p>\n<p>Premjere uzrunu teica Latvijas Nacion\u0101laj\u0101 bibliot\u0113k\u0101, un vi\u0146a nor\u0101d\u012bja, ka tie\u0161i \u0161aj\u0101 viet\u0101 ir &#8220;uzkr\u0101ti m\u016bsu latviskuma avoti \u2013\u00a0dainas un pirmais druk\u0101tais v\u0101rds latvie\u0161u valod\u0101\u00a0ar piecu gadu simtu v\u0113sturi&#8221;.\u00a0<\/p>\n<p>Premjere uzsv\u0113ra, ka m\u016bsdienu pasaul\u0113 t\u0101 ir v\u0113rt\u012bba \u2013 b\u016bt da\u013cai no Latvijas tautas,\u00a0kas run\u0101 latvie\u0161u valod\u0101.\u00a0<\/p>\n<blockquote>\n<p>&#8220;Mums ir izcili zin\u0101tnieki, uz\u0146\u0113m\u0113ji, sportisti, m\u0101kslinieki, medi\u0137i, ar kuriem m\u0113s lepojamies.\u00a0Ta\u010du v\u0113los uzsv\u0113rt \u2013\u00a0ikkatrs Latvijas cilv\u0113ks ir v\u0113rt\u012bba neatkar\u012bgi no darba, ko veic,&#8221; sac\u012bja premjere.\u00a0<\/p>\n<\/blockquote>\n<p>&#8220;Sav\u0101 ikdien\u0101, ar\u012b starptautiskaj\u0101 vid\u0113, ik reizi p\u0101rliecinos \u2013 latvie\u0161i izce\u013cas ar to, ka m\u016bsos sl\u0113pjas talanti\u00a0un pretst\u0101v\u0113\u0161anas sp\u012bts.\u00a0Pret netaisn\u012bbu, pret vardarb\u012bbu, pret agresiju,&#8221; pauda Sili\u0146a.\u00a0<\/p>\n<p>N\u0101kamaj\u0101 gad\u0101 premjere nov\u0113l\u0113ja ikvienam no mums izaicin\u0101t pa\u0161am sevi, p\u0101rsp\u0113t pa\u0161am sevi, izk\u0101pt no ikdieni\u0161\u0137\u0101 un tiekties uz izcil\u012bbu. T\u0101pat premjere aicin\u0101ja\u00a0iest\u0101ties par lab\u0101ku izgl\u012bt\u012bbu\u00a0b\u0113rniem,\u00a0par jauno tehnolo\u0123iju un inov\u0101ciju ien\u0101k\u0161anu\u00a0Latvijas uz\u0146\u0113mumos un m\u0101j\u0101s.\u00a0<\/p>\n<blockquote>\n<p>Sili\u0146a nov\u0113l\u0113ja ar\u012b &#8220;nebaid\u012bties no n\u0101kotnes, bet veidot to pa\u0161iem, jo t\u0101 varam k\u013c\u016bt lab\u0101ki, atkl\u0101t sev\u012b jaunas sp\u0113jas\u00a0un k\u013c\u016bt ar\u012b tur\u012bg\u0101ki \u2013 individu\u0101li un k\u0101 valsts kopum\u0101&#8221;.\u00a0<\/p>\n<\/blockquote>\n<p>&#8220;Atskatoties \u2013 k\u0101das m\u0101c\u012bbas lai pa\u0146emam l\u012bdzi jaunaj\u0101 gad\u0101? L\u0113mumus varam pie\u0146emt \u0101tr\u0101k un drosm\u012bg\u0101k. M\u0113s varam viens otr\u0101 ieklaus\u012bties, lai patiesi sadzird\u0113tu, iest\u0101ties par cilv\u0113c\u012bbu un kop\u012bg\u0101m v\u0113rt\u012bb\u0101m,&#8221; pauda premjere.\u00a0<\/p>\n<p>Vi\u0146a uzsv\u0113ra, ka esam kop\u0101 ar Ukrainu \u2013 tostarp\u00a0k\u0101\u00a0valsts un\u00a0k\u0101 cilv\u0113ki,\u00a0jo skaidri zin\u0101m \u2013 tas ir par m\u016bsu kop\u0113jo dro\u0161\u012bbu un v\u0113rt\u012bb\u0101m,\u00a0ko aizst\u0101vam.\u00a0<\/p>\n<p>&#8220;Netaisn\u012bbai m\u016bsu sabiedr\u012bb\u0101 nav vietas, t\u0101pat k\u0101 vardarb\u012bbai\u00a0nav vietas \u0123imen\u0113s, skol\u0101s, darba viet\u0101s, internet\u0101 \u2013 nekur,&#8221; uzrun\u0101 pauda Sili\u0146a.\u00a0<\/p>\n<p>Premjere akcent\u0113ja, ka \u0123imenes, kas p\u0113c vair\u0101kiem gadiem atgrie\u017eas Latvij\u0101,\u00a0nereti saka: &#8220;M\u0113s gribam, lai b\u0113rni j\u016bt, kur ir vi\u0146u m\u0101jas!&#8221; Sili\u0146a uzsv\u0113ra, ka &#8220;tie\u0161i tas ir m\u016bsu\u00a0m\u0113r\u0137is. Latvija ir vieta, kur mums visiem,\u00a0lai cik da\u017e\u0101di esam, kop\u0101 b\u016bt&#8221;.\u00a0\u00a0<\/p>\n<p>&#8220;Kop\u0101 str\u0101d\u0101jam, lai uzlabotu un vienk\u0101r\u0161otu dz\u012bvi iedz\u012bvot\u0101jiem un uz\u0146\u0113m\u0113jiem. Kop\u0101 veicam p\u0101rmai\u0146as m\u016bsu b\u0113rnu izgl\u012bt\u012bb\u0101 un mazin\u0101m nevienl\u012bdz\u012bbu sabiedr\u012bb\u0101. Kop\u0101 str\u0101d\u0101jam,\u00a0 lai nestu Latvijas v\u0101rdu pasaul\u0113,&#8221; sac\u012bja premjere. Vi\u0146a akcent\u0113ja, ka Latvijas uz\u0146\u0113m\u0113ji ir l\u012bderi digit\u0101lo r\u012bku un tehnolo\u0123iju att\u012bst\u012bb\u0101.\u00a0<\/p>\n<p>Sili\u0146a uzsv\u0113ra, ka &#8220;kop\u0101 m\u016bsu uzdevums ir ar\u012b ikdien\u0101 iest\u0101ties par b\u016btisko, par\u016bp\u0113ties vienam par otru \u2013 atbild\u012bgi un ar cie\u0146u&#8221;.\u00a0<\/p>\n<blockquote>\n<p>&#8220;M\u0113s varam, ja gribam. M\u0113s varam, ja dar\u0101m.\u00a0Nacion\u0101l\u0101s bibliot\u0113kas tap\u0161anas st\u0101sts to pier\u0101da,&#8221; sac\u012bja premjere.\u00a0<\/p>\n<\/blockquote>\n<p>Uzrunu nosl\u0113dzot, Sili\u0146a aicin\u0101ja: &#8220;P\u0101r\u0161\u0137irsim jaun\u0101 gada lappusi ar ap\u0146\u0113m\u012bbu un p\u0101rliec\u012bbu \u2013\u00a0kop\u0101 m\u0113s sp\u0113jam daudz!&#8221;<br \/>Priec\u012bgus sv\u0113tkus j\u016bsu m\u0101j\u0101s un laim\u012bgu Jauno gadu! \u00a0<\/p>\n<p>                    Valodas k\u013c\u016bda rakst\u0101?<\/p>\n<p class=\"d-none d-md-block\">Iez\u012bm\u0113jiet tekstu un spiediet Ctrl+Enter, lai nos\u016bt\u012btu labojamo teksta fragmentu redaktoram! Par faktu k\u013c\u016bd\u0101m l\u016bdzam zi\u0146ot e-past\u0101 <a href=\"https:\/\/www.lsm.lv\/cdn-cgi\/l\/email-protection\" class=\"__cf_email__\" data-cfemail=\"324057565359515b5853725e415f1c5e44\" rel=\"nofollow noopener\" target=\"_blank\">[email\u00a0protected]<\/a>.<\/p>\n<p class=\"d-md-none\">Iez\u012bm\u0113jiet tekstu un spiediet uz Zi\u0146ot par k\u013c\u016bdu pogas, lai nos\u016bt\u012btu labojamo teksta fragmentu redaktoram!<\/p>\n<p>\n                    Zi\u0146ot par k\u013c\u016bdu\n                <\/p>\n","protected":false},"excerpt":{"rendered":"Premjere Evika Sili\u0146a (&#8220;Jaun\u0101 Vienot\u012bba&#8221;), apsveicot Jaunaj\u0101 gad\u0101, uzsv\u0113ra, ka\u00a0ikkatrs Latvijas cilv\u0113ks ir v\u0113rt\u012bba neatkar\u012bgi no darba, ko&hellip;\n","protected":false},"author":2,"featured_media":91208,"comment_status":"","ping_status":"","sticky":false,"template":"","format":"standard","meta":{"footnotes":""},"categories":[12],"tags":[23,28,29,32,33,22,30,31,35,39,38,36,37,34,40,20,26,27,24,25,21],"class_list":{"0":"post-91207","1":"post","2":"type-post","3":"status-publish","4":"format-standard","5":"has-post-thumbnail","7":"category-latvija","8":"tag-aktualitates","9":"tag-breaking-news","10":"tag-breakingnews","11":"tag-featured-news","12":"tag-featurednews","13":"tag-headlines","14":"tag-latest-news","15":"tag-latestnews","16":"tag-latvia","17":"tag-latvian","18":"tag-latviesu","19":"tag-latviesu-valoda","20":"tag-latviesuvaloda","21":"tag-latvija","22":"tag-lv","23":"tag-news","24":"tag-popularakas-zinas","25":"tag-popularakaszinas","26":"tag-top-stories","27":"tag-topstories","28":"tag-zinas"},"share_on_mastodon":{"url":"https:\/\/pubeurope.com\/@lv\/115816429272381355","error":""},"_links":{"self":[{"href":"https:\/\/www.europesays.com\/lv\/wp-json\/wp\/v2\/posts\/91207","targetHints":{"allow":["GET"]}}],"collection":[{"href":"https:\/\/www.europesays.com\/lv\/wp-json\/wp\/v2\/posts"}],"about":[{"href":"https:\/\/www.europesays.com\/lv\/wp-json\/wp\/v2\/types\/post"}],"author":[{"embeddable":true,"href":"https:\/\/www.europesays.com\/lv\/wp-json\/wp\/v2\/users\/2"}],"replies":[{"embeddable":true,"href":"https:\/\/www.europesays.com\/lv\/wp-json\/wp\/v2\/comments?post=91207"}],"version-history":[{"count":0,"href":"https:\/\/www.europesays.com\/lv\/wp-json\/wp\/v2\/posts\/91207\/revisions"}],"wp:featuredmedia":[{"embeddable":true,"href":"https:\/\/www.europesays.com\/lv\/wp-json\/wp\/v2\/media\/91208"}],"wp:attachment":[{"href":"https:\/\/www.europesays.com\/lv\/wp-json\/wp\/v2\/media?parent=91207"}],"wp:term":[{"taxonomy":"category","embeddable":true,"href":"https:\/\/www.europesays.com\/lv\/wp-json\/wp\/v2\/categories?post=91207"},{"taxonomy":"post_tag","embeddable":true,"href":"https:\/\/www.europesays.com\/lv\/wp-json\/wp\/v2\/tags?post=91207"}],"curies":[{"name":"wp","href":"https:\/\/api.w.org\/{rel}","templated":true}]}}