{"id":91211,"date":"2025-12-31T22:07:15","date_gmt":"2025-12-31T22:07:15","guid":{"rendered":"https:\/\/www.europesays.com\/lv\/91211\/"},"modified":"2025-12-31T22:07:15","modified_gmt":"2025-12-31T22:07:15","slug":"pat-15-gradi-kadi-laikapstakli-gaidami-gadumija-tvnet-laika-zinas","status":"publish","type":"post","link":"https:\/\/www.europesays.com\/lv\/91211\/","title":{"rendered":"Pat -15 gr\u0101di! K\u0101di laikapst\u0101k\u013ci gaid\u0101mi gadumij\u0101? &#8211; TVNET &#8211; Laika zi\u0146as"},"content":{"rendered":"<ol>\n<li><a href=\"https:\/\/news.google.com\/rss\/articles\/CBMihwFBVV95cUxQNlBTM0pCbTRxalg1UXE4QkhnZTExVjJacEZBdEJqRWVCaG9ITWVpeVFJLXV2RWRld1NnOThvN2ZDM0hRdmxEQ2ptWHFoeWdSaFRsNEtxVnNLUlhiVDhScmF3bWZBR0MtaVZNeWxXcTRzbHNzWmp5dldfbHlwS3RrZGg2akFtV2s?oc=5\" target=\"_blank\" rel=\"nofollow noopener\">Pat -15 gr\u0101di! K\u0101di laikapst\u0101k\u013ci gaid\u0101mi gadumij\u0101?<\/a>&nbsp;&nbsp;TVNET &#8211; Laika zi\u0146as<\/li>\n<li><a href=\"https:\/\/news.google.com\/rss\/articles\/CBMixAFBVV95cUxNdVBVdGdlbjJJMHpqZWdKMzlLNWZNWnRPekZVbVV4OU1KdWhrQUU2Vk9PWlVNeW90dnlmZHZHdFRxb0hSV1JnQXBTMUFacnpDaUtSUlh5dzY1WHJHbWprbWRtM3JSZW5sN3dZd2FBN290bjI1TlB1S1NENlpYUkV3ZVc2cndGQUIzZG83U2FZTlNvcEpJdGdZQ2FDYktEaXYwTzg4bkM3aG5SY2ljUlFLTFdORWl5dGVHWFpuSHdIRGpOdjBE?oc=5\" target=\"_blank\" rel=\"nofollow noopener\">Dzeltenais br\u012bdin\u0101jums \u2013 Jaun\u0101 gada pirmaj\u0101 dien\u0101 Latvij\u0101 stipri snigs<\/a>&nbsp;&nbsp;Delfi<\/li>\n<li><a href=\"https:\/\/news.google.com\/rss\/articles\/CBMinAFBVV95cUxPN054Zm1PY2s3TjRDblMyWnk5UEJzOXpUTW1ZTVhEZEdIS2d6eVBQOVBtSWZRanBIVERYdHNmcXplcW5oSWoyWVNUV3UwY0RaWFZnNDlESUMyZE9PbERDWG9vd0FiZUJtN3VDWGdNN054SFVUUG9Nd2hqWk9BZk5PU3JaNjBmRzY4YkRCN0RfU0RvSzlJSlVaWmhJVk4?oc=5\" target=\"_blank\" rel=\"nofollow noopener\">VIDEO. Gaisa temperat\u016bras v\u0113l \u0161\u012b gada rekords tie\u0161i Jaungada nakt\u012b, koment\u0113 Toms Bricis<\/a>&nbsp;&nbsp;NRA<\/li>\n<li><a href=\"https:\/\/news.google.com\/rss\/articles\/CBMiiAFBVV95cUxOeDRfbWdKYWp3cWRYSnNRajVlcEhoWUdWbWdmM0ZkQnZsSDFOSDBVMUp1OWJQYUdiaUxBM3VKZjBwN3ZOdFF2RXBjUjN0RjlHOTVIYkY4SDVOUEV5TFZaYXU0eU8wTW1QbUNyRnRBXzlvQ016OUtWSDk0XzJVN25oSjlxZF92U1M1?oc=5\" target=\"_blank\" rel=\"nofollow noopener\">Sagatavota laika prognoze n\u0101kamaj\u0101m div\u0101m dien\u0101m<\/a>&nbsp;&nbsp;TVNET &#8211; Laika zi\u0146as<\/li>\n<li><a href=\"https:\/\/news.google.com\/rss\/articles\/CBMi0gFBVV95cUxOVFBlc2FQTUpsQ0hOMTNRZzFELXlMLUdXSGhCU3VwT2hnNWFKOHprbnRORUpqRU1qenBWclhST3IyZjFwU1FUbW5nMFVJT3ltdm04czRaMnYtS0hoaGZybjZIb0VpYW1HRHdxTFJra2hLZHU4Ykxrd3Z0VmpQY2dHTW4wSHpyWWw2cFowSUM1bThxRkNnY3NuelZpWkl6ZDY3ZFdSeFFOS3VMY1BNYzVsYmVSSENYVXZoS0RMQzhyQ1JsM3RuYmNqdU9jUVBNb0h3ZXc?oc=5\" target=\"_blank\" rel=\"nofollow noopener\">Pirms gadumijas Timmas \u0123imenes juriste sniedz jaun\u0101ko inform\u0101ciju par izmekl\u0113\u0161anu<\/a>&nbsp;&nbsp;tv3.lv<\/li>\n<\/ol>\n","protected":false},"excerpt":{"rendered":"Pat -15 gr\u0101di! K\u0101di laikapst\u0101k\u013ci gaid\u0101mi gadumij\u0101?&nbsp;&nbsp;TVNET &#8211; Laika zi\u0146as Dzeltenais br\u012bdin\u0101jums \u2013 Jaun\u0101 gada pirmaj\u0101 dien\u0101 Latvij\u0101&hellip;\n","protected":false},"author":2,"featured_media":91212,"comment_status":"","ping_status":"","sticky":false,"template":"","format":"standard","meta":{"footnotes":""},"categories":[5],"tags":[23,28,29,32,33,22,396,397,30,31,35,39,38,36,37,34,40,20,26,27,24,25,21],"class_list":{"0":"post-91211","1":"post","2":"type-post","3":"status-publish","4":"format-standard","5":"has-post-thumbnail","7":"category-aktualitates","8":"tag-aktualitates","9":"tag-breaking-news","10":"tag-breakingnews","11":"tag-featured-news","12":"tag-featurednews","13":"tag-headlines","14":"tag-laika-zinas","15":"tag-laikapstakli","16":"tag-latest-news","17":"tag-latestnews","18":"tag-latvia","19":"tag-latvian","20":"tag-latviesu","21":"tag-latviesu-valoda","22":"tag-latviesuvaloda","23":"tag-latvija","24":"tag-lv","25":"tag-news","26":"tag-popularakas-zinas","27":"tag-popularakaszinas","28":"tag-top-stories","29":"tag-topstories","30":"tag-zinas"},"share_on_mastodon":{"url":"https:\/\/pubeurope.com\/@lv\/115816460633435404","error":""},"_links":{"self":[{"href":"https:\/\/www.europesays.com\/lv\/wp-json\/wp\/v2\/posts\/91211","targetHints":{"allow":["GET"]}}],"collection":[{"href":"https:\/\/www.europesays.com\/lv\/wp-json\/wp\/v2\/posts"}],"about":[{"href":"https:\/\/www.europesays.com\/lv\/wp-json\/wp\/v2\/types\/post"}],"author":[{"embeddable":true,"href":"https:\/\/www.europesays.com\/lv\/wp-json\/wp\/v2\/users\/2"}],"replies":[{"embeddable":true,"href":"https:\/\/www.europesays.com\/lv\/wp-json\/wp\/v2\/comments?post=91211"}],"version-history":[{"count":0,"href":"https:\/\/www.europesays.com\/lv\/wp-json\/wp\/v2\/posts\/91211\/revisions"}],"wp:featuredmedia":[{"embeddable":true,"href":"https:\/\/www.europesays.com\/lv\/wp-json\/wp\/v2\/media\/91212"}],"wp:attachment":[{"href":"https:\/\/www.europesays.com\/lv\/wp-json\/wp\/v2\/media?parent=91211"}],"wp:term":[{"taxonomy":"category","embeddable":true,"href":"https:\/\/www.europesays.com\/lv\/wp-json\/wp\/v2\/categories?post=91211"},{"taxonomy":"post_tag","embeddable":true,"href":"https:\/\/www.europesays.com\/lv\/wp-json\/wp\/v2\/tags?post=91211"}],"curies":[{"name":"wp","href":"https:\/\/api.w.org\/{rel}","templated":true}]}}