{"id":91216,"date":"2025-12-31T22:14:08","date_gmt":"2025-12-31T22:14:08","guid":{"rendered":"https:\/\/www.europesays.com\/lv\/91216\/"},"modified":"2025-12-31T22:14:08","modified_gmt":"2025-12-31T22:14:08","slug":"jaunais-uguniga-zirga-gads-ir-klat-lielais-horoskops-kas-mus-sagaida-2026-gada-jauns-lv","status":"publish","type":"post","link":"https:\/\/www.europesays.com\/lv\/91216\/","title":{"rendered":"Jaunais Ugun\u012bg\u0101 Zirga gads ir kl\u0101t! Lielais horoskops, kas m\u016bs sagaida 2026. gad\u0101 &#8211; Jauns.lv"},"content":{"rendered":"<ol>\n<li><a href=\"https:\/\/news.google.com\/rss\/articles\/CBMiugFBVV95cUxPeHB0bmw4MWxqRGVJajBaQzlsbFcxQ2JkZmFIVlcxaUczUGEtMmtCN0QxTzNrVEpYYUNBMVZLMFp6SkhNVXN1Wk93MVU1M09kWms5eE5fOHBXV0ltTjVGbTRYQVpEamVjVE1KOFVmNjdRbER1eUJRRjltQnBRbGdtV1RxaG1HVXExTmFZd2VtS0tYQno5OGF0QVpQSlk0UDFFR0x1ajZVQmlvMFNyUXRCYnlpN2t0NmdiWmc?oc=5\" target=\"_blank\" rel=\"nofollow noopener\">Jaunais Ugun\u012bg\u0101 Zirga gads ir kl\u0101t! Lielais horoskops, kas m\u016bs sagaida 2026. gad\u0101<\/a>&nbsp;&nbsp;Jauns.lv<\/li>\n<li><a href=\"https:\/\/news.google.com\/rss\/articles\/CBMiqgFBVV95cUxOaERiVllvcUpmOVZ0Rmk3WGRILWE5MlprUWVfMUVfOUpIN3Q5ODU4bldrb0ZNNXFpYlRaUHdPZHRNV0lEUWVoN0xsNDg0cGRqZEQtOU9JazBtY3dPSHlkUVNjSzAyU2hyYnBwaEg5WGN4dmI3OFBXbFhZaEpCNDlNU2JuUWdrci1nT01kcE9KbGd4c1gtQVhzZE1Xa0FMMm9BQXZnaGRSWnRFZw?oc=5\" target=\"_blank\" rel=\"nofollow noopener\">2026. gada Skorpiona horoskops \u2013 lielas p\u0101rmai\u0146as karjer\u0101<\/a>&nbsp;&nbsp;Delfi<\/li>\n<li><a href=\"https:\/\/news.google.com\/rss\/articles\/CBMisgFBVV95cUxPM1ZGNFJ4VlZQV3FxZGNaQ3dHQ1Q0cUtBdld2dXRhR0t2OGdzMy1nQXNkc1F5aDlmdU9EaHlDMFZqSHZuc3praEhTb2NvV2JNbVZrTFlIZFpwY3otNHBSb2gyOUtVd0g0aWsxdG5vRzNjQXJmcDlybFNRSm1MTjNMMkQyMFFVT1lMNlNkcUlVT1FKczZsYmVFRFEzVlV5SDdCcl9lcVZ3bXd0VVVKU0dxUUhn?oc=5\" target=\"_blank\" rel=\"nofollow noopener\">2026. gada lielais horoskops vis\u0101m zodiaka z\u012bm\u0113m. Noskaidro, kas sagaida jaunaj\u0101 gad\u0101!<\/a>&nbsp;&nbsp;Apollo.lv<\/li>\n<li><a href=\"https:\/\/news.google.com\/rss\/articles\/CBMiuAFBVV95cUxPemlUOFZJbGdCX2psb2NhNngtc2RaLUMySEpKTV9ObHl0aGZObmp0bDdzMDdUZ0hGMi1qRUhDdDd3a0FHUTN2bXEtMFJNS2ZwcUduUDFVU0lQVzFxRzgyTUtKNmtwNUJ3dDY3UEswNXNEN2xfdzVmNTBDTmgxNGVBR19neU92YnlqT0ZWeW1SYXdLNS1Va0Q4bWk0RldpWDQ5ZzR2UEp6Y1ZqeEg3bGpQQnBCa3VUOWZZ?oc=5\" target=\"_blank\" rel=\"nofollow noopener\">Papla\u0161in\u0101ta prognoze Me\u017e\u0101\u017eiem, \u016adensv\u012briem, Ziv\u012bm \u2013 2026. gads atnes\u012bs radik\u0101las p\u0101rmai\u0146as<\/a>&nbsp;&nbsp;1188.lv<\/li>\n<li><a href=\"https:\/\/news.google.com\/rss\/articles\/CBMiekFVX3lxTFAxaTM0ck1YM2lCdFp1cDFkWFZJNGlXNWdmMGFEdkZXcmo2Sjd6SU5EQmhFSmcyMmc2OUZ4MVZrWGt0RGF5eU1hOVdIN3B4dzBrejIzUG9wb2xPMWhvejRjWUxncUV0RTI0dzZudHA4clFDdG1XMkhXUUpn?oc=5\" target=\"_blank\" rel=\"nofollow noopener\">Kas gaida Latviju un pasauli 2026. gad\u0101? Sertific\u0113tas astrolo\u0123es prognozes<\/a>&nbsp;&nbsp;NRA<\/li>\n<\/ol>\n","protected":false},"excerpt":{"rendered":"Jaunais Ugun\u012bg\u0101 Zirga gads ir kl\u0101t! Lielais horoskops, kas m\u016bs sagaida 2026. gad\u0101&nbsp;&nbsp;Jauns.lv 2026. gada Skorpiona horoskops \u2013&hellip;\n","protected":false},"author":2,"featured_media":91217,"comment_status":"","ping_status":"","sticky":false,"template":"","format":"standard","meta":{"footnotes":""},"categories":[19],"tags":[89,90,35,39,38,36,37,34,40],"class_list":{"0":"post-91216","1":"post","2":"type-post","3":"status-publish","4":"format-standard","5":"has-post-thumbnail","7":"category-izklaide","8":"tag-entertainment","9":"tag-izklaide","10":"tag-latvia","11":"tag-latvian","12":"tag-latviesu","13":"tag-latviesu-valoda","14":"tag-latviesuvaloda","15":"tag-latvija","16":"tag-lv"},"share_on_mastodon":{"url":"https:\/\/pubeurope.com\/@lv\/115816496006144182","error":""},"_links":{"self":[{"href":"https:\/\/www.europesays.com\/lv\/wp-json\/wp\/v2\/posts\/91216","targetHints":{"allow":["GET"]}}],"collection":[{"href":"https:\/\/www.europesays.com\/lv\/wp-json\/wp\/v2\/posts"}],"about":[{"href":"https:\/\/www.europesays.com\/lv\/wp-json\/wp\/v2\/types\/post"}],"author":[{"embeddable":true,"href":"https:\/\/www.europesays.com\/lv\/wp-json\/wp\/v2\/users\/2"}],"replies":[{"embeddable":true,"href":"https:\/\/www.europesays.com\/lv\/wp-json\/wp\/v2\/comments?post=91216"}],"version-history":[{"count":0,"href":"https:\/\/www.europesays.com\/lv\/wp-json\/wp\/v2\/posts\/91216\/revisions"}],"wp:featuredmedia":[{"embeddable":true,"href":"https:\/\/www.europesays.com\/lv\/wp-json\/wp\/v2\/media\/91217"}],"wp:attachment":[{"href":"https:\/\/www.europesays.com\/lv\/wp-json\/wp\/v2\/media?parent=91216"}],"wp:term":[{"taxonomy":"category","embeddable":true,"href":"https:\/\/www.europesays.com\/lv\/wp-json\/wp\/v2\/categories?post=91216"},{"taxonomy":"post_tag","embeddable":true,"href":"https:\/\/www.europesays.com\/lv\/wp-json\/wp\/v2\/tags?post=91216"}],"curies":[{"name":"wp","href":"https:\/\/api.w.org\/{rel}","templated":true}]}}