{"id":91220,"date":"2025-12-31T22:19:10","date_gmt":"2025-12-31T22:19:10","guid":{"rendered":"https:\/\/www.europesays.com\/lv\/91220\/"},"modified":"2025-12-31T22:19:10","modified_gmt":"2025-12-31T22:19:10","slug":"smags-negadijums-uz-liepajas-sosejas-netalu-no-tireliem-satiksme-daleji-bloketa-la-lv","status":"publish","type":"post","link":"https:\/\/www.europesays.com\/lv\/91220\/","title":{"rendered":"Smags negad\u012bjums uz Liep\u0101jas \u0161osejas net\u0101lu no T\u012bre\u013ciem; satiksme da\u013c\u0113ji blo\u0137\u0113ta &#8211; LA.LV"},"content":{"rendered":"<ol>\n<li><a href=\"https:\/\/news.google.com\/rss\/articles\/CBMingFBVV95cUxNS0ZVWXFNZnl1blN0NXFEQXoyMHpvV2ZLQkhnSEhoRFNxV0FSQUIxeW5sWm9zcjMxcjNxa0M3bXRsbXpzcEtzTE92dFpabWE3OUhWYlFUNUFCTnA3b2xCYkVnRzFjX2Q0RS13N0lzTDBzSm5DOFVQenVXNENHMXdNMU1PaU9CM0RQQWtwUjJpSVFMR1F1UDBGdHRpX3RFdw?oc=5\" target=\"_blank\" rel=\"nofollow noopener\">Smags negad\u012bjums uz Liep\u0101jas \u0161osejas net\u0101lu no T\u012bre\u013ciem; satiksme da\u013c\u0113ji blo\u0137\u0113ta<\/a>&nbsp;&nbsp;LA.LV<\/li>\n<li><a href=\"https:\/\/news.google.com\/rss\/articles\/CBMirwFBVV95cUxQclFIbnB6cFdYODB0RS1fWXEwUlVfY2tDeVFuNEh3SnpDbGJlenBnZjl0eUpLenFzUndwNDIwbElIV2J5OEZWMzNIZnBiRHR4elB1cFI2eUZMRjBKRUp1bWZiTVhpUUZmT3U4a3RQakNFenZVNVRtSDBib251NUkwdWU1a0paRGhiYmlheDhiMTFpczBiR0QtcldvQnRDNmxGTXNnZzRKTDkzNk44VmYw?oc=5\" target=\"_blank\" rel=\"nofollow noopener\">Smaga av\u0101rija uz Liep\u0101jas \u0161osejas Vecgada vakar\u0101, satiksme blo\u0137\u0113ta<\/a>&nbsp;&nbsp;Lente.lv<\/li>\n<li><a href=\"https:\/\/news.google.com\/rss\/articles\/CBMiogFBVV95cUxNdFJQbEprTHJnLTIyQmI3NEgyYlF1aEtJWE9JMVZtczIwRnYzRU1PbDZoRlRwWWYzV3NNTlYyN0s1ZktGVGtrNXBvRUZsZldnYTNqYzZFaWlidVR5Rlp3dy1WcXlrbXUwMG9Ra3NzMld4NXZGLURNTUJQY21lZFJlOXVWREZJTzRfaksyOGk3dmJkbE00NDdodFFRenpQWko3c2c?oc=5\" target=\"_blank\" rel=\"nofollow noopener\">Av\u0101rija uz Liep\u0101jas \u0161osejas: blo\u0137\u0113ta satiksme net\u0101lu no T\u012bre\u013ciem<\/a>&nbsp;&nbsp;Jauns.lv<\/li>\n<li><a href=\"https:\/\/news.google.com\/rss\/articles\/CBMizwFBVV95cUxPY1dibXJYNjlFYTlHd2I3dzhsQUsxdENQd2dCNkpiT29abUtqZi1PRG54RERQMS1WYmdvSkRmdk50dFVfYVVMQmh6TXJ6S0ZIQ08wVTBKZ3hhc1pTMDR5WURiRHpRc01iQ0xTbUE1THhDSW1xYVVEaXprdzRRM3VJOFU2Ymw3d2RCaDVWQmZHdGNDUWd3RVB4aWVUYW96MGpxZEVTRkJhVlRPcUF2WEdLb01mcEU2OFAwNlZTMTgwWS1abGppUXJNa0RpekJWODQ?oc=5\" target=\"_blank\" rel=\"nofollow noopener\">Divu auto sadursm\u0113 uz Liep\u0101jas \u0161osejas tr\u012bs cietu\u0161ie; satiksme pie T\u012bre\u013ciem da\u013c\u0113ji blo\u0137\u0113ta<\/a>&nbsp;&nbsp;Lente.lv<\/li>\n<li><a href=\"https:\/\/news.google.com\/rss\/articles\/CBMiqwFBVV95cUxQWkFQT0ZEamk2NmRXMFRIdWh5STE5QzYyX1VzVmN1N1BwQkdWMEtZU0tTNTNUcmpaZlhBUkNKd2s5U1hnM19TT0RqaG5Vd1ROSVF2NVNRVWEyejVlQW53RHFqU19aMm4tcmo2WFRWOFVLX2VXY3Z2X0V0cklseFRscVRvS1g4cEtpZTU1U1poczBENFJrazFscE4xXy1ZNzJ4N1pVU1pyTXpyaFE?oc=5\" target=\"_blank\" rel=\"nofollow noopener\">P\u0113c av\u0101rijas piln\u012bb\u0101 atjaunota satiksme uz Liep\u0101jas \u0161osejas net\u0101lu no T\u012bre\u013ciem<\/a>&nbsp;&nbsp;TVNET<\/li>\n<\/ol>\n","protected":false},"excerpt":{"rendered":"Smags negad\u012bjums uz Liep\u0101jas \u0161osejas net\u0101lu no T\u012bre\u013ciem; satiksme da\u013c\u0113ji blo\u0137\u0113ta&nbsp;&nbsp;LA.LV Smaga av\u0101rija uz Liep\u0101jas \u0161osejas Vecgada vakar\u0101,&hellip;\n","protected":false},"author":2,"featured_media":91221,"comment_status":"","ping_status":"","sticky":false,"template":"","format":"standard","meta":{"footnotes":""},"categories":[5],"tags":[23,28,29,32,33,22,30,31,35,39,38,36,37,34,40,20,26,27,24,25,21],"class_list":{"0":"post-91220","1":"post","2":"type-post","3":"status-publish","4":"format-standard","5":"has-post-thumbnail","7":"category-aktualitates","8":"tag-aktualitates","9":"tag-breaking-news","10":"tag-breakingnews","11":"tag-featured-news","12":"tag-featurednews","13":"tag-headlines","14":"tag-latest-news","15":"tag-latestnews","16":"tag-latvia","17":"tag-latvian","18":"tag-latviesu","19":"tag-latviesu-valoda","20":"tag-latviesuvaloda","21":"tag-latvija","22":"tag-lv","23":"tag-news","24":"tag-popularakas-zinas","25":"tag-popularakaszinas","26":"tag-top-stories","27":"tag-topstories","28":"tag-zinas"},"share_on_mastodon":{"url":"https:\/\/pubeurope.com\/@lv\/115816507829914392","error":""},"_links":{"self":[{"href":"https:\/\/www.europesays.com\/lv\/wp-json\/wp\/v2\/posts\/91220","targetHints":{"allow":["GET"]}}],"collection":[{"href":"https:\/\/www.europesays.com\/lv\/wp-json\/wp\/v2\/posts"}],"about":[{"href":"https:\/\/www.europesays.com\/lv\/wp-json\/wp\/v2\/types\/post"}],"author":[{"embeddable":true,"href":"https:\/\/www.europesays.com\/lv\/wp-json\/wp\/v2\/users\/2"}],"replies":[{"embeddable":true,"href":"https:\/\/www.europesays.com\/lv\/wp-json\/wp\/v2\/comments?post=91220"}],"version-history":[{"count":0,"href":"https:\/\/www.europesays.com\/lv\/wp-json\/wp\/v2\/posts\/91220\/revisions"}],"wp:featuredmedia":[{"embeddable":true,"href":"https:\/\/www.europesays.com\/lv\/wp-json\/wp\/v2\/media\/91221"}],"wp:attachment":[{"href":"https:\/\/www.europesays.com\/lv\/wp-json\/wp\/v2\/media?parent=91220"}],"wp:term":[{"taxonomy":"category","embeddable":true,"href":"https:\/\/www.europesays.com\/lv\/wp-json\/wp\/v2\/categories?post=91220"},{"taxonomy":"post_tag","embeddable":true,"href":"https:\/\/www.europesays.com\/lv\/wp-json\/wp\/v2\/tags?post=91220"}],"curies":[{"name":"wp","href":"https:\/\/api.w.org\/{rel}","templated":true}]}}