{"id":91222,"date":"2025-12-31T22:21:25","date_gmt":"2025-12-31T22:21:25","guid":{"rendered":"https:\/\/www.europesays.com\/lv\/91222\/"},"modified":"2025-12-31T22:21:25","modified_gmt":"2025-12-31T22:21:25","slug":"nba-zvaigzne-nikola-jokics-celgala-savainojuma-del-izlaidis-vismaz-menesi-lente-lv","status":"publish","type":"post","link":"https:\/\/www.europesays.com\/lv\/91222\/","title":{"rendered":"NBA zvaigzne Nikola Joki\u010ds ce\u013cgala savainojuma d\u0113\u013c izlaid\u012bs vismaz m\u0113nesi\u00a0\u2014\u00a0Lente.lv"},"content":{"rendered":"<p>Joki\u010ds g\u016bst ce\u013cgala savainojumu<\/p>\n<p>Nacion\u0101l\u0101s basketbola asoci\u0101cijas (NBA) tr\u012bsk\u0101rt\u0113jais v\u0113rt\u012bg\u0101kais sp\u0113l\u0113t\u0101js Nikola Joki\u010ds ir guvis ce\u013cgala savainojumu, kas vi\u0146am liegs piedal\u012bties sp\u0113l\u0113s vismaz vienu m\u0113nesi. K\u0101 inform\u0113 port\u0101ls jauns.lv, \u0161\u012b zi\u0146a ir rad\u012bjusi ba\u017eas Denveras &#8220;Nuggets&#8221; komand\u0101 un t\u0101s l\u012bdzjut\u0113ju vid\u016b. Savainojums tika g\u016bts sp\u0113les pret Maiami &#8220;Heat&#8221; nosl\u0113dzo\u0161aj\u0101s sekund\u0113s pirms pirm\u0101 puslaika beig\u0101m, kad komandas biedrs Spensers D\u017eonss uzk\u0101pa uz Joki\u010da k\u0101jas, izraisot ce\u013cgala me\u017e\u0123eniskumu. Joki\u010ds nesp\u0113ja turpin\u0101t sp\u0113li un dev\u0101s uz laukumu, lai veiktu izmekl\u0113jumus.<\/p>\n<p>Diagnostika un prognozes<\/p>\n<p>P\u0113c pirmdienas sp\u0113les veikt\u0101s magn\u0113tisk\u0101s rezonanses (MRI) izmekl\u0113\u0161anas tika apstiprin\u0101ts, ka Joki\u010dam ir kreis\u0101 ce\u013cgala p\u0101rm\u0113r\u012bga izliek\u0161an\u0101s (hyperextension). Lai gan s\u0101kotn\u0113ji tika izteiktas ba\u017eas par iesp\u0113jamu sai\u0161u boj\u0101jumu, veiktie izmekl\u0113jumi apliecin\u0101ja, ka c\u012bpslas ir neskartas. Tiek prognoz\u0113ts, ka sp\u0113l\u0113t\u0101js izlaid\u012bs vismaz \u010detras ned\u0113\u013cas, p\u0113c kur\u0101m tiks veikta atk\u0101rtota izv\u0113rt\u0113\u0161ana. Joki\u010ds \u0161osezon v\u0113l nav izlaidis nevienu sp\u0113li, vid\u0113ji g\u016bstot 29,9 punktus, sav\u0101cot 12,4 atl\u0113ku\u0161\u0101s bumbas un atdodot 11,1 rezultat\u012bv\u0101s piesp\u0113les sp\u0113l\u0113. \u0160ie statistikas r\u0101d\u012bt\u0101ji ir \u013coti augsti un liecina par sp\u0113l\u0113t\u0101ja dominanci.<\/p>\n<p>Komandas situ\u0101cija un sekas<\/p>\n<p>\u0160is savainojums rada nopietnu izaicin\u0101jumu Denveras &#8220;Nuggets&#8221; komandai, kas jau t\u0101 saskaras ar vair\u0101ku pamatsast\u0101va sp\u0113l\u0113t\u0101ju traum\u0101m, tostarp \u0100ronu Gordona un Kristianu Braunu. Joki\u010da promb\u016btne b\u016btiski ietekm\u0113s komandas sniegumu, \u012bpa\u0161i \u0146emot v\u0113r\u0101, ka komanda atrodas tre\u0161aj\u0101 viet\u0101 Rietumu konferenc\u0113 ar 22 uzvar\u0101m un 10 zaud\u0113jumiem. Neskatoties uz gr\u016bt\u012bb\u0101m, komanda ir demonstr\u0113jusi sp\u0113c\u012bgu sniegumu liel\u0101 m\u0113r\u0101 pateicoties Joki\u010da vad\u012bbai. Nav skaidrs, kuri sp\u0113l\u0113t\u0101ji aizst\u0101s Joki\u010da noz\u012bm\u012bgo ra\u017e\u012bgumu, ta\u010du tiek prognoz\u0113ts, ka citiem sp\u0113l\u0113t\u0101jiem b\u016bs j\u0101uz\u0146emas liel\u0101ka atbild\u012bba. Tas var\u0113tu rad\u012bt iesp\u0113jas ar\u012b cit\u0101m komand\u0101m pak\u0101pties kopv\u0113rt\u0113jum\u0101.<\/p>\n<p>NBA sp\u0113l\u0113t\u0101ju traumu aktualit\u0101te<\/p>\n<p>Nikolas Joki\u010da savainojums aktualiz\u0113 sp\u0113l\u0113t\u0101ju traumu probl\u0113mu NBA l\u012bg\u0101. \u0160osezon jau ir biju\u0161i vair\u0101ki gad\u012bjumi, kad l\u012bgas zvaigznes, piem\u0113ram, Viktors Vembanjama un Jannis Adetokunbo, ir izlaidu\u0161as sp\u0113les traumu d\u0113\u013c. Tas liek aizdom\u0101ties par sp\u0113\u013cu grafika intensit\u0101ti un sp\u0113l\u0113t\u0101ju fizisko sagatavot\u012bbu. Lai gan l\u012bgas vad\u012bba uzsver, ka statistiski traumu skaits nav palielin\u0101jies, individu\u0101lie gad\u012bjumi rada ba\u017eas.<\/p>\n<p>N\u0101kamie so\u013ci un prognozes<\/p>\n<p>Denveras &#8220;Nuggets&#8221; komandai tagad b\u016bs j\u0101piel\u0101gojas situ\u0101cijai bez sava galven\u0101 sp\u0113l\u0113t\u0101ja. Joki\u010da atgrie\u0161an\u0101s tiek prognoz\u0113ta ne \u0101tr\u0101k k\u0101 p\u0113c \u010detr\u0101m ned\u0113\u013c\u0101m, ta\u010du tas ir atkar\u012bgs no vi\u0146a atvese\u013co\u0161an\u0101s procesa. \u0160is periods ietvers aptuveni 16 sp\u0113les, un ir iesp\u0113jams, ka vi\u0146\u0161 atgriez\u012bsies pirms NBA Visu zvaig\u017e\u0146u sp\u0113les febru\u0101r\u012b. \u0160obr\u012bd nav zin\u0101ms, k\u0101das b\u016bs tie\u0161\u0101s sekas uz Joki\u010da dal\u012bbu MVP balvu izc\u012b\u0146\u0101, jo NBA ir 65 sp\u0113\u013cu krit\u0113rijs MVP un citu individu\u0101lo apbalvojumu sa\u0146em\u0161anai.<\/p>\n","protected":false},"excerpt":{"rendered":"Joki\u010ds g\u016bst ce\u013cgala savainojumu Nacion\u0101l\u0101s basketbola asoci\u0101cijas (NBA) tr\u012bsk\u0101rt\u0113jais v\u0113rt\u012bg\u0101kais sp\u0113l\u0113t\u0101js Nikola Joki\u010ds ir guvis ce\u013cgala savainojumu, kas&hellip;\n","protected":false},"author":2,"featured_media":91223,"comment_status":"","ping_status":"","sticky":false,"template":"","format":"standard","meta":{"footnotes":""},"categories":[17],"tags":[22385,35,39,38,36,37,34,40,1258,5786,5135,67],"class_list":{"0":"post-91222","1":"post","2":"type-post","3":"status-publish","4":"format-standard","5":"has-post-thumbnail","7":"category-sports","8":"tag-denveras","9":"tag-latvia","10":"tag-latvian","11":"tag-latviesu","12":"tag-latviesu-valoda","13":"tag-latviesuvaloda","14":"tag-latvija","15":"tag-lv","16":"tag-nba","17":"tag-nikola-jokics","18":"tag-savainojums","19":"tag-sports"},"share_on_mastodon":{"url":"https:\/\/pubeurope.com\/@lv\/115816515668872536","error":""},"_links":{"self":[{"href":"https:\/\/www.europesays.com\/lv\/wp-json\/wp\/v2\/posts\/91222","targetHints":{"allow":["GET"]}}],"collection":[{"href":"https:\/\/www.europesays.com\/lv\/wp-json\/wp\/v2\/posts"}],"about":[{"href":"https:\/\/www.europesays.com\/lv\/wp-json\/wp\/v2\/types\/post"}],"author":[{"embeddable":true,"href":"https:\/\/www.europesays.com\/lv\/wp-json\/wp\/v2\/users\/2"}],"replies":[{"embeddable":true,"href":"https:\/\/www.europesays.com\/lv\/wp-json\/wp\/v2\/comments?post=91222"}],"version-history":[{"count":0,"href":"https:\/\/www.europesays.com\/lv\/wp-json\/wp\/v2\/posts\/91222\/revisions"}],"wp:featuredmedia":[{"embeddable":true,"href":"https:\/\/www.europesays.com\/lv\/wp-json\/wp\/v2\/media\/91223"}],"wp:attachment":[{"href":"https:\/\/www.europesays.com\/lv\/wp-json\/wp\/v2\/media?parent=91222"}],"wp:term":[{"taxonomy":"category","embeddable":true,"href":"https:\/\/www.europesays.com\/lv\/wp-json\/wp\/v2\/categories?post=91222"},{"taxonomy":"post_tag","embeddable":true,"href":"https:\/\/www.europesays.com\/lv\/wp-json\/wp\/v2\/tags?post=91222"}],"curies":[{"name":"wp","href":"https:\/\/api.w.org\/{rel}","templated":true}]}}