{"id":91224,"date":"2025-12-31T22:23:13","date_gmt":"2025-12-31T22:23:13","guid":{"rendered":"https:\/\/www.europesays.com\/lv\/91224\/"},"modified":"2025-12-31T22:23:13","modified_gmt":"2025-12-31T22:23:13","slug":"no-2026-gada-lidmasinu-bagazas-nodalijumos-nedrikst-glabat-power-bank","status":"publish","type":"post","link":"https:\/\/www.europesays.com\/lv\/91224\/","title":{"rendered":"No 2026. gada lidma\u0161\u012bnu bag\u0101\u017eas nodal\u012bjumos nedr\u012bkst glab\u0101t \u201cpower bank\u201d"},"content":{"rendered":"<p class=\"lead mb-md-2 mb-1 js-tv3-orphus\">Tallinas lidosta pazi\u0146oja, ka no 2026. gada \u201cpower bank\u201d l\u0101d\u0113t\u0101jakumulatoram j\u0101b\u016bt skaidri redzam\u0101m un viegli pieejam\u0101m \u2013 vai nu kabat\u0101, vai rokas bag\u0101\u017e\u0101, kas novietota zem s\u0113dek\u013ca priek\u0161\u0101, raksta ERR.\n<\/p>\n<p>            2025. gada 31. decembr\u012b 16:04\n    <\/p>\n<p>No jaun\u0101 gada l\u0101d\u0113t\u0101jakumulatoriem tiks piem\u0113rotas jaunas dro\u0161\u012bbas pras\u012bbas gaisa ce\u013cojumiem, un t\u0101s vairs nedr\u012bkst\u0113s atst\u0101t rokas bag\u0101\u017e\u0101, kas lidojuma laik\u0101 glab\u0101jas aug\u0161\u0113j\u0101 bag\u0101\u017eas nodal\u012bjum\u0101.<\/p>\n","protected":false},"excerpt":{"rendered":"Tallinas lidosta pazi\u0146oja, ka no 2026. gada \u201cpower bank\u201d l\u0101d\u0113t\u0101jakumulatoram j\u0101b\u016bt skaidri redzam\u0101m un viegli pieejam\u0101m \u2013 vai&hellip;\n","protected":false},"author":2,"featured_media":91225,"comment_status":"","ping_status":"","sticky":false,"template":"","format":"standard","meta":{"footnotes":""},"categories":[14],"tags":[23,57,28,29,32,33,22,30,31,35,39,38,36,37,34,22985,40,20,26,27,24,25,54,55,56,21,58],"class_list":{"0":"post-91224","1":"post","2":"type-post","3":"status-publish","4":"format-standard","5":"has-post-thumbnail","7":"category-zinas-no-arvalstim","8":"tag-aktualitates","9":"tag-arvalstim","10":"tag-breaking-news","11":"tag-breakingnews","12":"tag-featured-news","13":"tag-featurednews","14":"tag-headlines","15":"tag-latest-news","16":"tag-latestnews","17":"tag-latvia","18":"tag-latvian","19":"tag-latviesu","20":"tag-latviesu-valoda","21":"tag-latviesuvaloda","22":"tag-latvija","23":"tag-lidmasinaslidostapower-bankrokas-bagazatallinas-lidosta","24":"tag-lv","25":"tag-news","26":"tag-popularakas-zinas","27":"tag-popularakaszinas","28":"tag-top-stories","29":"tag-topstories","30":"tag-world","31":"tag-world-news","32":"tag-worldnews","33":"tag-zinas","34":"tag-zinas-no-arvalstim"},"share_on_mastodon":{"url":"https:\/\/pubeurope.com\/@lv\/115816523551199552","error":""},"_links":{"self":[{"href":"https:\/\/www.europesays.com\/lv\/wp-json\/wp\/v2\/posts\/91224","targetHints":{"allow":["GET"]}}],"collection":[{"href":"https:\/\/www.europesays.com\/lv\/wp-json\/wp\/v2\/posts"}],"about":[{"href":"https:\/\/www.europesays.com\/lv\/wp-json\/wp\/v2\/types\/post"}],"author":[{"embeddable":true,"href":"https:\/\/www.europesays.com\/lv\/wp-json\/wp\/v2\/users\/2"}],"replies":[{"embeddable":true,"href":"https:\/\/www.europesays.com\/lv\/wp-json\/wp\/v2\/comments?post=91224"}],"version-history":[{"count":0,"href":"https:\/\/www.europesays.com\/lv\/wp-json\/wp\/v2\/posts\/91224\/revisions"}],"wp:featuredmedia":[{"embeddable":true,"href":"https:\/\/www.europesays.com\/lv\/wp-json\/wp\/v2\/media\/91225"}],"wp:attachment":[{"href":"https:\/\/www.europesays.com\/lv\/wp-json\/wp\/v2\/media?parent=91224"}],"wp:term":[{"taxonomy":"category","embeddable":true,"href":"https:\/\/www.europesays.com\/lv\/wp-json\/wp\/v2\/categories?post=91224"},{"taxonomy":"post_tag","embeddable":true,"href":"https:\/\/www.europesays.com\/lv\/wp-json\/wp\/v2\/tags?post=91224"}],"curies":[{"name":"wp","href":"https:\/\/api.w.org\/{rel}","templated":true}]}}