{"id":91228,"date":"2025-12-31T22:27:29","date_gmt":"2025-12-31T22:27:29","guid":{"rendered":"https:\/\/www.europesays.com\/lv\/91228\/"},"modified":"2025-12-31T22:27:29","modified_gmt":"2025-12-31T22:27:29","slug":"jirziceka-sedevrs-cehijas-u20-izlases-jaunais-aizsargs-fantastiska-veida-parspej-somijas-vartsargu","status":"publish","type":"post","link":"https:\/\/www.europesays.com\/lv\/91228\/","title":{"rendered":"Jir\u017ei\u010deka \u0161edevrs \u2013 \u010cehijas U20 izlases jaunais aizsargs fantastisk\u0101 veid\u0101 p\u0101rsp\u0113j Somijas v\u0101rtsargu"},"content":{"rendered":"<p>\u010cehijas izlases rind\u0101s pagarin\u0101juma ceturtaj\u0101 min\u016bt\u0113 v\u0101rtus guva Jir\u017ei\u010deks, kur\u0161 fantastisk\u0101 veid\u0101 p\u0101rsp\u0113ja Somijas v\u0101rtsargu Peteri Rimpinenu.<\/p>\n<p>Piln\u012bgi iesp\u0113jams, ka tie\u0161i \u0161is gols k\u013c\u016bs par 2026. gada U20 pasaules \u010dempion\u0101ta skaist\u0101ko v\u0101rtu guvumu.<\/p>\n<p>\u010cehija \u2013 Somija. Sp\u0113les apskats:\u00a0<\/p>\n<p>\u010cehijai n\u0101kam\u0101 sp\u0113le b\u016bs Vecgada vakar\u0101 31. decembr\u012b, ka 22.30 krustos n\u016bjas ar Latvijas hokejistiem, savuk\u0101rt Somija nakt\u012b uz piektdienu 3.30 sp\u0113kosies ar Kan\u0101das valstsvien\u012bbu.<\/p>\n<p>B grup\u0101 ar asto\u0146iem punktiem tr\u012bs sp\u0113l\u0113s pirmaj\u0101 poz\u012bcij\u0101 atrodas kan\u0101die\u0161i, kam ar septi\u0146iem punktiem seko Somija, pieci punkti ir \u010cehijai, viens punkts divos ma\u010dos ir Latvijas hokejistiem, bet bez punktiem tr\u012bs due\u013cos ir d\u0101\u0146u hokejisti.<\/p>\n<p class=\"tv3-fw-500\">Zi\u0146o par k\u013c\u016bdu rakst\u0101<\/p>\n<p class=\"d-md-block d-none\">Iez\u012bm\u0113 k\u013c\u016bdaino tekstu un spied Ctrl+Enter.<\/p>\n<p class=\"d-md-none d-block\">Iez\u012bm\u0113 k\u013c\u016bdaino tekstu un zi\u0146o par to!<\/p>\n","protected":false},"excerpt":{"rendered":"\u010cehijas izlases rind\u0101s pagarin\u0101juma ceturtaj\u0101 min\u016bt\u0113 v\u0101rtus guva Jir\u017ei\u010deks, kur\u0161 fantastisk\u0101 veid\u0101 p\u0101rsp\u0113ja Somijas v\u0101rtsargu Peteri Rimpinenu. Piln\u012bgi&hellip;\n","protected":false},"author":2,"featured_media":91229,"comment_status":"","ping_status":"","sticky":false,"template":"","format":"standard","meta":{"footnotes":""},"categories":[17],"tags":[35,39,38,36,37,34,40,67,18462],"class_list":{"0":"post-91228","1":"post","2":"type-post","3":"status-publish","4":"format-standard","5":"has-post-thumbnail","7":"category-sports","8":"tag-latvia","9":"tag-latvian","10":"tag-latviesu","11":"tag-latviesu-valoda","12":"tag-latviesuvaloda","13":"tag-latvija","14":"tag-lv","15":"tag-sports","16":"tag-u20-pasaules-cempionats-hokeja"},"share_on_mastodon":{"url":"https:\/\/pubeurope.com\/@lv\/115816539275240821","error":""},"_links":{"self":[{"href":"https:\/\/www.europesays.com\/lv\/wp-json\/wp\/v2\/posts\/91228","targetHints":{"allow":["GET"]}}],"collection":[{"href":"https:\/\/www.europesays.com\/lv\/wp-json\/wp\/v2\/posts"}],"about":[{"href":"https:\/\/www.europesays.com\/lv\/wp-json\/wp\/v2\/types\/post"}],"author":[{"embeddable":true,"href":"https:\/\/www.europesays.com\/lv\/wp-json\/wp\/v2\/users\/2"}],"replies":[{"embeddable":true,"href":"https:\/\/www.europesays.com\/lv\/wp-json\/wp\/v2\/comments?post=91228"}],"version-history":[{"count":0,"href":"https:\/\/www.europesays.com\/lv\/wp-json\/wp\/v2\/posts\/91228\/revisions"}],"wp:featuredmedia":[{"embeddable":true,"href":"https:\/\/www.europesays.com\/lv\/wp-json\/wp\/v2\/media\/91229"}],"wp:attachment":[{"href":"https:\/\/www.europesays.com\/lv\/wp-json\/wp\/v2\/media?parent=91228"}],"wp:term":[{"taxonomy":"category","embeddable":true,"href":"https:\/\/www.europesays.com\/lv\/wp-json\/wp\/v2\/categories?post=91228"},{"taxonomy":"post_tag","embeddable":true,"href":"https:\/\/www.europesays.com\/lv\/wp-json\/wp\/v2\/tags?post=91228"}],"curies":[{"name":"wp","href":"https:\/\/api.w.org\/{rel}","templated":true}]}}