{"id":91230,"date":"2025-12-31T22:29:03","date_gmt":"2025-12-31T22:29:03","guid":{"rendered":"https:\/\/www.europesays.com\/lv\/91230\/"},"modified":"2025-12-31T22:29:03","modified_gmt":"2025-12-31T22:29:03","slug":"ko-sola-2026-gads-pasaules-politika","status":"publish","type":"post","link":"https:\/\/www.europesays.com\/lv\/91230\/","title":{"rendered":"ko sola 2026. gads pasaules politik\u0101"},"content":{"rendered":"<p>Lai gan nevaram pied\u0101v\u0101t pare\u0123ojumus \u2013 apkopojot da\u017e\u0101du anal\u012bti\u0137u v\u0113rt\u0113jumus, varam iez\u012bm\u0113t tendences un kop\u0113jo virzienu, kur\u0101 pasaule, <a href=\"https:\/\/www.tvnet.lv\/term\/555691\/eiropa\" class=\"topicLink\" target=\"_blank\" rel=\"nofollow noopener\">Eiropa<\/a> un ar\u012b Latvija, visticam\u0101k, dosies 2026. gad\u0101. Anal\u012bti\u0137u grupa \u201cGood Judgment\u201d, kas specializ\u0113jas varb\u016bt\u012bbu prognoz\u0113s un tiek d\u0113v\u0113ti ar\u012b par &#8220;superprognoz\u0113t\u0101jiem&#8221;, 2026. gadam liel\u0101koties paredz nevis straujus pav\u0113rsienus, bet l\u0113nu un pretrun\u012bgu procesu turpin\u0101\u0161anos. L\u012bdz\u012bgu piesardz\u012bbu pau\u017e ar\u012b daudzi citi eksperti, uzsverot, ka n\u0101kamais gads, visticam\u0101k, k\u013c\u016bs par iztur\u012bbas, nevis atrisin\u0101jumu periodu \u2013 gan <a href=\"https:\/\/www.tvnet.lv\/term\/555410\/asv\" class=\"topicLink\" target=\"_blank\" rel=\"nofollow noopener\">ASV<\/a> \u0101rpolitik\u0101, gan kar\u0101 Ukrain\u0101, gan Eiropas iek\u0161\u0113j\u0101s politikas dinamik\u0101.<\/p>\n","protected":false},"excerpt":{"rendered":"Lai gan nevaram pied\u0101v\u0101t pare\u0123ojumus \u2013 apkopojot da\u017e\u0101du anal\u012bti\u0137u v\u0113rt\u0113jumus, varam iez\u012bm\u0113t tendences un kop\u0113jo virzienu, kur\u0101 pasaule,&hellip;\n","protected":false},"author":2,"featured_media":91231,"comment_status":"","ping_status":"","sticky":false,"template":"","format":"standard","meta":{"footnotes":""},"categories":[14],"tags":[23,57,292,28,29,542,427,4644,514,32,33,22,18259,74,30,31,35,39,38,36,37,34,40,20,26,27,24,25,2238,54,55,56,21,58],"class_list":{"0":"post-91230","1":"post","2":"type-post","3":"status-publish","4":"format-standard","5":"has-post-thumbnail","7":"category-zinas-no-arvalstim","8":"tag-aktualitates","9":"tag-arvalstim","10":"tag-asv","11":"tag-breaking-news","12":"tag-breakingnews","13":"tag-donalds-tramps","14":"tag-eiropa","15":"tag-eiropas-drosiba","16":"tag-eiropas-savieniba","17":"tag-featured-news","18":"tag-featurednews","19":"tag-headlines","20":"tag-jaunais-gads","21":"tag-krievijas-iebrukums-ukraina","22":"tag-latest-news","23":"tag-latestnews","24":"tag-latvia","25":"tag-latvian","26":"tag-latviesu","27":"tag-latviesu-valoda","28":"tag-latviesuvaloda","29":"tag-latvija","30":"tag-lv","31":"tag-news","32":"tag-popularakas-zinas","33":"tag-popularakaszinas","34":"tag-top-stories","35":"tag-topstories","36":"tag-tvnet-arvalstis","37":"tag-world","38":"tag-world-news","39":"tag-worldnews","40":"tag-zinas","41":"tag-zinas-no-arvalstim"},"share_on_mastodon":{"url":"https:\/\/pubeurope.com\/@lv\/115816547307388093","error":""},"_links":{"self":[{"href":"https:\/\/www.europesays.com\/lv\/wp-json\/wp\/v2\/posts\/91230","targetHints":{"allow":["GET"]}}],"collection":[{"href":"https:\/\/www.europesays.com\/lv\/wp-json\/wp\/v2\/posts"}],"about":[{"href":"https:\/\/www.europesays.com\/lv\/wp-json\/wp\/v2\/types\/post"}],"author":[{"embeddable":true,"href":"https:\/\/www.europesays.com\/lv\/wp-json\/wp\/v2\/users\/2"}],"replies":[{"embeddable":true,"href":"https:\/\/www.europesays.com\/lv\/wp-json\/wp\/v2\/comments?post=91230"}],"version-history":[{"count":0,"href":"https:\/\/www.europesays.com\/lv\/wp-json\/wp\/v2\/posts\/91230\/revisions"}],"wp:featuredmedia":[{"embeddable":true,"href":"https:\/\/www.europesays.com\/lv\/wp-json\/wp\/v2\/media\/91231"}],"wp:attachment":[{"href":"https:\/\/www.europesays.com\/lv\/wp-json\/wp\/v2\/media?parent=91230"}],"wp:term":[{"taxonomy":"category","embeddable":true,"href":"https:\/\/www.europesays.com\/lv\/wp-json\/wp\/v2\/categories?post=91230"},{"taxonomy":"post_tag","embeddable":true,"href":"https:\/\/www.europesays.com\/lv\/wp-json\/wp\/v2\/tags?post=91230"}],"curies":[{"name":"wp","href":"https:\/\/api.w.org\/{rel}","templated":true}]}}