{"id":91235,"date":"2025-12-31T22:35:19","date_gmt":"2025-12-31T22:35:19","guid":{"rendered":"https:\/\/www.europesays.com\/lv\/91235\/"},"modified":"2025-12-31T22:35:19","modified_gmt":"2025-12-31T22:35:19","slug":"krievija-pazino-ka-parvietojusi-uz-baltkrieviju-savas-nepartveramas-oreshnik-kodolraketes","status":"publish","type":"post","link":"https:\/\/www.europesays.com\/lv\/91235\/","title":{"rendered":"Krievija pazi\u0146o, ka p\u0101rvietojusi uz Baltkrieviju savas nep\u0101rtveram\u0101s \u201cOreshnik\u201d kodolra\u0137etes"},"content":{"rendered":"<p>    <img decoding=\"async\" src=\"https:\/\/www.europesays.com\/lv\/wp-content\/uploads\/2025\/12\/7pi-csw4oa0-1-800x566.jpg\" alt=\"&#10;\"\/><\/p>\n<p>Foto: AP\/SCANPIX\n<\/p>\n<p>18:45, 30. decembris 2025<\/p>\n<p>\u0160is solis teor\u0113tiski \u013cautu Krievijas ra\u0137et\u0113m \u0101tr\u0101k sasniegt Eiropas m\u0113r\u0137us no Baltkrievijas \u2014 t\u0101s kaimi\u0146valsts un sabiedrot\u0101s, kas ar\u012b robe\u017eojas ar NATO valst\u012bm: Poliju, Lietuvu un Latviju, v\u0113sta \u201cThe Guardian\u201d.<\/p>\n<p>        Las\u012bt\u0101kie<br \/>\n        <a data-imagesrc=\"{&quot;300&quot;:&quot;https:\\\/\\\/lastatic.ams3.cdn.digitaloceanspaces.com\\\/2017\\\/12\\\/jaunais-300x200.jpg&quot;,&quot;768&quot;:&quot;https:\\\/\\\/lastatic.ams3.cdn.digitaloceanspaces.com\\\/2017\\\/12\\\/jaunais-768x512.jpg&quot;,&quot;80&quot;:&quot;https:\\\/\\\/lastatic.ams3.cdn.digitaloceanspaces.com\\\/2017\\\/12\\\/jaunais-80x48.jpg&quot;,&quot;112&quot;:&quot;https:\\\/\\\/lastatic.ams3.cdn.digitaloceanspaces.com\\\/2017\\\/12\\\/jaunais-112x64.jpg&quot;,&quot;664&quot;:&quot;https:\\\/\\\/lastatic.ams3.cdn.digitaloceanspaces.com\\\/2017\\\/12\\\/jaunais-664x443.jpg&quot;,&quot;240&quot;:&quot;https:\\\/\\\/lastatic.ams3.cdn.digitaloceanspaces.com\\\/2017\\\/12\\\/jaunais-240x160.jpg&quot;,&quot;263&quot;:&quot;https:\\\/\\\/lastatic.ams3.cdn.digitaloceanspaces.com\\\/2017\\\/12\\\/jaunais-263x175.jpg&quot;,&quot;507&quot;:&quot;https:\\\/\\\/lastatic.ams3.cdn.digitaloceanspaces.com\\\/2017\\\/12\\\/jaunais-507x338.jpg&quot;,&quot;118&quot;:&quot;https:\\\/\\\/lastatic.ams3.cdn.digitaloceanspaces.com\\\/2017\\\/12\\\/jaunais-118x70.jpg&quot;,&quot;348&quot;:&quot;https:\\\/\\\/lastatic.ams3.cdn.digitaloceanspaces.com\\\/2017\\\/12\\\/jaunais-348x225.jpg&quot;,&quot;640&quot;:&quot;https:\\\/\\\/lastatic.ams3.cdn.digitaloceanspaces.com\\\/2017\\\/12\\\/jaunais-640x640.jpg&quot;,&quot;90&quot;:&quot;https:\\\/\\\/lastatic.ams3.cdn.digitaloceanspaces.com\\\/2017\\\/12\\\/jaunais-90x58.jpg&quot;,&quot;960&quot;:&quot;https:\\\/\\\/lastatic.ams3.cdn.digitaloceanspaces.com\\\/2017\\\/12\\\/jaunais.jpg&quot;}\" data-focuspoint=\"&quot;&quot;\" data-p=\"2477013\" href=\"https:\/\/www.la.lv\/ko-vilkt-mugura-sagaidot-uguniga-zirga-gadu-padomi-katrai-zodiaka-zimei-lai-piesaistitu-veiksmi-un-harmoniju\" class=\"content-item lazy-load\" wp_automatic_readability=\"2.5\" rel=\"nofollow noopener\" target=\"_blank\"><\/p>\n<p>                                <img decoding=\"async\" src=\"\" alt=\"\" style=\"\" data-imageid=\"\"\/><\/p>\n<p>                                Kokteilis<\/p>\n<p>\n                                                Ko vilkt mugur\u0101, sagaidot Ugun\u012bg\u0101 Zirga gadu? Padomi katrai zodiaka z\u012bmei, lai piesaist\u012btu veiksmi un harmoniju\n                            <\/p>\n<p><\/a><a data-imagesrc=\"{&quot;300&quot;:&quot;https:\\\/\\\/lastatic.ams3.cdn.digitaloceanspaces.com\\\/2025\\\/03\\\/pexels-rakicevic-nenad-233369-769525-300x249.jpg&quot;,&quot;1024&quot;:&quot;https:\\\/\\\/lastatic.ams3.cdn.digitaloceanspaces.com\\\/2025\\\/03\\\/pexels-rakicevic-nenad-233369-769525-1024x851.jpg&quot;,&quot;768&quot;:&quot;https:\\\/\\\/lastatic.ams3.cdn.digitaloceanspaces.com\\\/2025\\\/03\\\/pexels-rakicevic-nenad-233369-769525-768x638.jpg&quot;,&quot;1536&quot;:&quot;https:\\\/\\\/lastatic.ams3.cdn.digitaloceanspaces.com\\\/2025\\\/03\\\/pexels-rakicevic-nenad-233369-769525-1536x1276.jpg&quot;,&quot;2048&quot;:&quot;https:\\\/\\\/lastatic.ams3.cdn.digitaloceanspaces.com\\\/2025\\\/03\\\/pexels-rakicevic-nenad-233369-769525-2048x1701.jpg&quot;,&quot;200&quot;:&quot;https:\\\/\\\/lastatic.ams3.cdn.digitaloceanspaces.com\\\/2025\\\/03\\\/pexels-rakicevic-nenad-233369-769525-200x166.jpg&quot;,&quot;400&quot;:&quot;https:\\\/\\\/lastatic.ams3.cdn.digitaloceanspaces.com\\\/2025\\\/03\\\/pexels-rakicevic-nenad-233369-769525-400x332.jpg&quot;,&quot;500&quot;:&quot;https:\\\/\\\/lastatic.ams3.cdn.digitaloceanspaces.com\\\/2025\\\/03\\\/pexels-rakicevic-nenad-233369-769525-500x415.jpg&quot;,&quot;800&quot;:&quot;https:\\\/\\\/lastatic.ams3.cdn.digitaloceanspaces.com\\\/2025\\\/03\\\/pexels-rakicevic-nenad-233369-769525-800x665.jpg&quot;,&quot;1000&quot;:&quot;https:\\\/\\\/lastatic.ams3.cdn.digitaloceanspaces.com\\\/2025\\\/03\\\/pexels-rakicevic-nenad-233369-769525-1000x831.jpg&quot;,&quot;2560&quot;:&quot;https:\\\/\\\/lastatic.ams3.cdn.digitaloceanspaces.com\\\/2025\\\/03\\\/pexels-rakicevic-nenad-233369-769525-scaled.jpg&quot;}\" data-focuspoint=\"&quot;&quot;\" data-p=\"2470324\" href=\"https:\/\/www.la.lv\/ko-vilkt-jaungada-nakti-astrologi-sniedz-precizas-norades-katrai-zodiaka-zimei\" class=\"content-item lazy-load\" wp_automatic_readability=\"1\" rel=\"nofollow noopener\" target=\"_blank\"><\/p>\n<p>                                <img decoding=\"async\" src=\"\" alt=\"\" style=\"\" data-imageid=\"\"\/><\/p>\n<p>                                Kokteilis<\/p>\n<p>\n                                                Ko vilkt Jaungada nakt\u012b? Astrologi sniedz prec\u012bzas nor\u0101des katrai zodiaka z\u012bmei\n                            <\/p>\n<p><\/a><a data-imagesrc=\"{&quot;300&quot;:&quot;https:\\\/\\\/lastatic.ams3.cdn.digitaloceanspaces.com\\\/2021\\\/11\\\/lampinas234-300x197.jpg&quot;,&quot;1024&quot;:&quot;https:\\\/\\\/lastatic.ams3.cdn.digitaloceanspaces.com\\\/2021\\\/11\\\/lampinas234-1024x673.jpg&quot;,&quot;768&quot;:&quot;https:\\\/\\\/lastatic.ams3.cdn.digitaloceanspaces.com\\\/2021\\\/11\\\/lampinas234-768x505.jpg&quot;,&quot;200&quot;:&quot;https:\\\/\\\/lastatic.ams3.cdn.digitaloceanspaces.com\\\/2021\\\/11\\\/lampinas234-200x131.jpg&quot;,&quot;400&quot;:&quot;https:\\\/\\\/lastatic.ams3.cdn.digitaloceanspaces.com\\\/2021\\\/11\\\/lampinas234-400x263.jpg&quot;,&quot;500&quot;:&quot;https:\\\/\\\/lastatic.ams3.cdn.digitaloceanspaces.com\\\/2021\\\/11\\\/lampinas234-500x329.jpg&quot;,&quot;800&quot;:&quot;https:\\\/\\\/lastatic.ams3.cdn.digitaloceanspaces.com\\\/2021\\\/11\\\/lampinas234-800x526.jpg&quot;,&quot;1000&quot;:&quot;https:\\\/\\\/lastatic.ams3.cdn.digitaloceanspaces.com\\\/2021\\\/11\\\/lampinas234-1000x657.jpg&quot;,&quot;1255&quot;:&quot;https:\\\/\\\/lastatic.ams3.cdn.digitaloceanspaces.com\\\/2021\\\/11\\\/lampinas234.jpg&quot;}\" data-focuspoint=\"&quot;&quot;\" data-p=\"2300449\" href=\"https:\/\/www.la.lv\/ka-zodiaka-zimes-var-viena-otrai-sabojat-jauna-gada-sagaidisanu-versis-tuviniekus-saks-terorizet-jau-laikus\" class=\"content-item lazy-load\" wp_automatic_readability=\"1.5\" rel=\"nofollow noopener\" target=\"_blank\"><\/p>\n<p>                                <img decoding=\"async\" src=\"\" alt=\"\" style=\"\" data-imageid=\"\"\/><\/p>\n<p>                                Kokteilis<\/p>\n<p>\n                                                K\u0101 zodiaka z\u012bmes var viena otrai saboj\u0101t Jaun\u0101 gada sagaid\u012b\u0161anu? V\u0113rsis tuviniekus s\u0101ks teroriz\u0113t jau laikus\n                            <\/p>\n<p><\/a><br \/>\n        <a class=\"read-more\" href=\"https:\/\/www.la.lv\/top\" rel=\"nofollow noopener\" target=\"_blank\">Las\u012bt citas zi\u0146as<\/a><\/p>\n<p>Krievija public\u0113ja video, kur\u0101 pazi\u0146o, ka kodolsp\u0113j\u012bg\u0101s \u201cOreshnik\u201d ra\u0137etes ir nodotas akt\u012bv\u0101 dienest\u0101 Baltkrievij\u0101, t\u0101s kaimi\u0146valst\u012b un sabiedrotaj\u0101, kas robe\u017eojas ar NATO valst\u012bm: Poliju, Lietuvu un Latviju. Putins apgalvo, ka \u0161\u012bs ra\u0137etes ir neiesp\u0113jami aptur\u0113t, jo to \u0101trums esot vair\u0101k nek\u0101 10 reizes liel\u0101ks par ska\u0146as \u0101trumu.<\/p>\n<p>\u0160is solis teor\u0113tiski \u013cautu Krievijas kodolra\u0137et\u0113m \u0101tr\u0101k sasniegt Eiropas m\u0113r\u0137us, ja t\u0101s b\u016btu izvietotas Baltkrievijas b\u0101z\u0113. Vid\u0113ja darb\u012bbas r\u0101diusa ra\u0137et\u0113m ir apm\u0113ram 5 500 km, kas noz\u012bm\u0113, ka t\u0101s var\u0113tu tr\u0101p\u012bt jebkur Eirop\u0101 vai ASV rietumkrast\u0101 no Krievijas teritorijas.<\/p>\n<p>    CITI \u0160OBR\u012aD LASA<\/p>\n<p>Krievijas un Baltkrievijas aizsardz\u012bbas ministriju otrdien publiskotaj\u0101 video nav preciz\u0113ta, kur tie\u0161i Baltkrievij\u0101 ra\u0137e\u0161u sist\u0113mas tiek izvietotas, ta\u010du redzams, ka t\u0101s transport\u0113 uz me\u017eiem un mask\u0113 ar t\u012bklu.<\/p>\n<p>\u201c\u201dOreshnik\u201d ra\u0137e\u0161u div\u012bzija s\u0101ka pild\u012bt kaujas dienesta uzdevumus noteiktaj\u0101s teritorij\u0101s valst\u012b,\u201d pazi\u0146oja Baltkrievijas aizsardz\u012bbas ministrija.<\/p>\n<p>T\u0113mas<\/p>\n<p>    SAIST\u012aTIE RAKSTI<\/p>\n","protected":false},"excerpt":{"rendered":"Foto: AP\/SCANPIX 18:45, 30. decembris 2025 \u0160is solis teor\u0113tiski \u013cautu Krievijas ra\u0137et\u0113m \u0101tr\u0101k sasniegt Eiropas m\u0113r\u0137us no Baltkrievijas&hellip;\n","protected":false},"author":2,"featured_media":38479,"comment_status":"","ping_status":"","sticky":false,"template":"","format":"standard","meta":{"footnotes":""},"categories":[14],"tags":[23,57,28,29,32,33,22,30,31,35,39,38,36,37,34,40,20,26,27,24,25,54,55,56,21,58],"class_list":{"0":"post-91235","1":"post","2":"type-post","3":"status-publish","4":"format-standard","5":"has-post-thumbnail","7":"category-zinas-no-arvalstim","8":"tag-aktualitates","9":"tag-arvalstim","10":"tag-breaking-news","11":"tag-breakingnews","12":"tag-featured-news","13":"tag-featurednews","14":"tag-headlines","15":"tag-latest-news","16":"tag-latestnews","17":"tag-latvia","18":"tag-latvian","19":"tag-latviesu","20":"tag-latviesu-valoda","21":"tag-latviesuvaloda","22":"tag-latvija","23":"tag-lv","24":"tag-news","25":"tag-popularakas-zinas","26":"tag-popularakaszinas","27":"tag-top-stories","28":"tag-topstories","29":"tag-world","30":"tag-world-news","31":"tag-worldnews","32":"tag-zinas","33":"tag-zinas-no-arvalstim"},"share_on_mastodon":{"url":"https:\/\/pubeurope.com\/@lv\/115816570801680013","error":""},"_links":{"self":[{"href":"https:\/\/www.europesays.com\/lv\/wp-json\/wp\/v2\/posts\/91235","targetHints":{"allow":["GET"]}}],"collection":[{"href":"https:\/\/www.europesays.com\/lv\/wp-json\/wp\/v2\/posts"}],"about":[{"href":"https:\/\/www.europesays.com\/lv\/wp-json\/wp\/v2\/types\/post"}],"author":[{"embeddable":true,"href":"https:\/\/www.europesays.com\/lv\/wp-json\/wp\/v2\/users\/2"}],"replies":[{"embeddable":true,"href":"https:\/\/www.europesays.com\/lv\/wp-json\/wp\/v2\/comments?post=91235"}],"version-history":[{"count":0,"href":"https:\/\/www.europesays.com\/lv\/wp-json\/wp\/v2\/posts\/91235\/revisions"}],"wp:featuredmedia":[{"embeddable":true,"href":"https:\/\/www.europesays.com\/lv\/wp-json\/wp\/v2\/media\/38479"}],"wp:attachment":[{"href":"https:\/\/www.europesays.com\/lv\/wp-json\/wp\/v2\/media?parent=91235"}],"wp:term":[{"taxonomy":"category","embeddable":true,"href":"https:\/\/www.europesays.com\/lv\/wp-json\/wp\/v2\/categories?post=91235"},{"taxonomy":"post_tag","embeddable":true,"href":"https:\/\/www.europesays.com\/lv\/wp-json\/wp\/v2\/tags?post=91235"}],"curies":[{"name":"wp","href":"https:\/\/api.w.org\/{rel}","templated":true}]}}