{"id":91238,"date":"2025-12-31T22:37:13","date_gmt":"2025-12-31T22:37:13","guid":{"rendered":"https:\/\/www.europesays.com\/lv\/91238\/"},"modified":"2025-12-31T22:37:13","modified_gmt":"2025-12-31T22:37:13","slug":"zelenskis-ja-tramps-atlidotu-uz-ukrainu-tas-signalizetu-ka-mums-ir-iespeja-ceret-uz-pamieru-jauns-lv-2","status":"publish","type":"post","link":"https:\/\/www.europesays.com\/lv\/91238\/","title":{"rendered":"Zelenskis: &quot;Ja Tramps atlidotu uz Ukrainu, tas signaliz\u0113tu, ka mums ir iesp\u0113ja cer\u0113t uz pamieru&quot; &#8211; Jauns.lv"},"content":{"rendered":"<ol>\n<li><a href=\"https:\/\/news.google.com\/rss\/articles\/CBMiwgNBVV95cUxQMTVtRnNnc1Awc0VnU3JMSDRiNklOVjJWajdyVl8wUEVNOG1TNk5peFVHYTBtVmdXeGpMd2Fwd1hGUm13dnJSYURPeU9URG15VzNJZzhvckJzRFdYZ1RoR0ZwY0xMSFRoWTNFV1cyWllSVGVLNDUtLVViMVdfNGFwSUdCVVktcF92MmluaXpuVE8wOHVoR2txTURFU1g0U212QUhCUDNnbE5xLXRGc2IzT1ZoOW8tUHN2dTBaclVwU0M1NnFiMlBqZXJWamtwaDVkaHJkajRRVi1FU253dDROdlRvelV2RnZhTDZJUzZIUEROMmhRY2lVel8taEFHY3VVd2dJNktaMm9CcXVKNnFES1RsSjhRR0ctbnF6RUhMZkVXbjJyWUNRUlZkbENpRDRqaTZ4T2p6d1E2clJkOHJCVXMyN0tlY3J5VWV3SWlmTFZCSjNmUnhpOUQxNTlMSk1oRk9FVHJQYVNpdHk2Q1BxTUR6REtCWFkxRE5OMkhzOWtvbVBHcVJlaFdUakRwenlQMTFzMS1hT0ZRSGJWRTROSGNmSXd6UjdiVW1EM1h3bkNrQjJBWUlUb1BPVG5rN3JjWEE?oc=5\" target=\"_blank\" rel=\"nofollow noopener\">Zelenskis: &#8220;Ja Tramps atlidotu uz Ukrainu, tas signaliz\u0113tu, ka mums ir iesp\u0113ja cer\u0113t uz pamieru&#8221;<\/a>&nbsp;&nbsp;Jauns.lv<\/li>\n<li><a href=\"https:\/\/news.google.com\/rss\/articles\/CBMiqgFBVV95cUxPUXdoVEZ1Y1BTaDFSQ3hWbmNhOEZUM1hoZUNVNjVqNkJIczhnY2MydkhNc3NsQ0VuUWdyMkt5dmJwS1RyLUxvZFJCZkhXMmNHajNqV0pVSXI5d1o3OFM5U21wZ3BCVjhsTHNKbHEteFNiR2o2cjJ2NDUwWTIzdzNwMldEU01tQUhpTDJfU2QzelR5QWtIRUtRSlZjYTZwdTdnZmoxQUxiZTlodw?oc=5\" target=\"_blank\" rel=\"nofollow noopener\">\u201cPutins neapst\u0101sies, l\u012bdz\u2026\u201d Biju\u0161ais ASV pulkvedis atkl\u0101j, k\u0101 Tramps var pan\u0101kt mieru Ukrain\u0101<\/a>&nbsp;&nbsp;LA.LV<\/li>\n<li><a href=\"https:\/\/news.google.com\/rss\/articles\/CBMiiAFBVV95cUxPR3pqY1lYWkJhSzBxYlk0NDNRaDRuTlZ3ZGxlR2hVb2t6d1JqbUg5SnVCSjNKVjB4OTRNSEh0WlJZQ2pGSEkxMmg5Y3ZRSHduZmJLd0libnhnZ0FvdzZzdzZEMDY0d2JmZ1VhN21Rb2NPX0lGTTBzMnAyLVBXaWFfM0RKUGMxM0dN?oc=5\" target=\"_blank\" rel=\"nofollow noopener\">Zelenskis nosauc &#8220;re\u0101lu kompromisu&#8221; Donbasa jaut\u0101jum\u0101<\/a>&nbsp;&nbsp;Apollo.lv<\/li>\n<li><a href=\"https:\/\/news.google.com\/rss\/articles\/CBMingFBVV95cUxPQ01PRkxWaEh3NHU4WjVtSkZJMXdzNGJfT3Y1dGg2ektVNGR2Ym5GSVNpZDlrdl82YmNXYjBlQ05sRTZsaVMteVloZDJYaEt0Rm5uTFZGQ0JyY0xtcFc4YktwUW9oWWYtbXRrVXAyWXg2cTU2dk1fR3lSZUIzNktIeEVpcDN3ZHVpS2U1VjhtTnhhS1ZNWkNEMXMxVEhjdw?oc=5\" target=\"_blank\" rel=\"nofollow noopener\">Turpin\u0101s diskusijas par Ukrainas miera pl\u0101nu \/ 30.12.2025<\/a>&nbsp;&nbsp;REplay.lv<\/li>\n<li><a href=\"https:\/\/news.google.com\/rss\/articles\/CBMivgFBVV95cUxPZEhocjhiQkVPLUZrNWY4SUZnVUdzLWFraW1vck85MG9pQ005Q3FUVG5heUZWa08wSk1yd1J4MmpRSmJrckpFMElFZC1EZ2luQ2txZWlXbEhsemlqMDM0U1IzaVlWeFZYRENBVkdQaTBwNzZEZ1JORHluc05NeHFmWmlVZllBUmdjcTBySVBSckJZcWh2X0NpYUN5QkpCZmhveEY3LXF2OHhJcTRmNjNrN3hsZTB2aFF2UDRXZkRB?oc=5\" target=\"_blank\" rel=\"nofollow noopener\">Par 20 punktu miera pl\u0101nu Ukrain\u0101 j\u0101lemj ar referendumu, uzskata Zelenskis<\/a>&nbsp;&nbsp;Delfi<\/li>\n<\/ol>\n","protected":false},"excerpt":{"rendered":"Zelenskis: &#8220;Ja Tramps atlidotu uz Ukrainu, tas signaliz\u0113tu, ka mums ir iesp\u0113ja cer\u0113t uz pamieru&#8221;&nbsp;&nbsp;Jauns.lv \u201cPutins neapst\u0101sies, l\u012bdz\u2026\u201d&hellip;\n","protected":false},"author":2,"featured_media":90480,"comment_status":"","ping_status":"","sticky":false,"template":"","format":"standard","meta":{"footnotes":""},"categories":[5],"tags":[23,28,29,32,33,22,30,31,35,39,38,36,37,34,40,20,26,27,24,25,21],"class_list":{"0":"post-91238","1":"post","2":"type-post","3":"status-publish","4":"format-standard","5":"has-post-thumbnail","7":"category-aktualitates","8":"tag-aktualitates","9":"tag-breaking-news","10":"tag-breakingnews","11":"tag-featured-news","12":"tag-featurednews","13":"tag-headlines","14":"tag-latest-news","15":"tag-latestnews","16":"tag-latvia","17":"tag-latvian","18":"tag-latviesu","19":"tag-latviesu-valoda","20":"tag-latviesuvaloda","21":"tag-latvija","22":"tag-lv","23":"tag-news","24":"tag-popularakas-zinas","25":"tag-popularakaszinas","26":"tag-top-stories","27":"tag-topstories","28":"tag-zinas"},"share_on_mastodon":{"url":"https:\/\/pubeurope.com\/@lv\/115816578581843461","error":""},"_links":{"self":[{"href":"https:\/\/www.europesays.com\/lv\/wp-json\/wp\/v2\/posts\/91238","targetHints":{"allow":["GET"]}}],"collection":[{"href":"https:\/\/www.europesays.com\/lv\/wp-json\/wp\/v2\/posts"}],"about":[{"href":"https:\/\/www.europesays.com\/lv\/wp-json\/wp\/v2\/types\/post"}],"author":[{"embeddable":true,"href":"https:\/\/www.europesays.com\/lv\/wp-json\/wp\/v2\/users\/2"}],"replies":[{"embeddable":true,"href":"https:\/\/www.europesays.com\/lv\/wp-json\/wp\/v2\/comments?post=91238"}],"version-history":[{"count":0,"href":"https:\/\/www.europesays.com\/lv\/wp-json\/wp\/v2\/posts\/91238\/revisions"}],"wp:featuredmedia":[{"embeddable":true,"href":"https:\/\/www.europesays.com\/lv\/wp-json\/wp\/v2\/media\/90480"}],"wp:attachment":[{"href":"https:\/\/www.europesays.com\/lv\/wp-json\/wp\/v2\/media?parent=91238"}],"wp:term":[{"taxonomy":"category","embeddable":true,"href":"https:\/\/www.europesays.com\/lv\/wp-json\/wp\/v2\/categories?post=91238"},{"taxonomy":"post_tag","embeddable":true,"href":"https:\/\/www.europesays.com\/lv\/wp-json\/wp\/v2\/tags?post=91238"}],"curies":[{"name":"wp","href":"https:\/\/api.w.org\/{rel}","templated":true}]}}