{"id":91241,"date":"2025-12-31T22:41:03","date_gmt":"2025-12-31T22:41:03","guid":{"rendered":"https:\/\/www.europesays.com\/lv\/91241\/"},"modified":"2025-12-31T22:41:03","modified_gmt":"2025-12-31T22:41:03","slug":"aizvests-atras-palidzibas-masina-kadirovs-peksni-salima-nakti-pirms-tiksanas-ar-putinu","status":"publish","type":"post","link":"https:\/\/www.europesays.com\/lv\/91241\/","title":{"rendered":"\u201cAizvests \u0101tr\u0101s pal\u012bdz\u012bbas ma\u0161\u012bn\u0101,\u201d Kadirovs p\u0113k\u0161\u0146i sa\u013cima nakt\u012b pirms tik\u0161an\u0101s ar Putinu"},"content":{"rendered":"<p>    <img decoding=\"async\" src=\"https:\/\/www.europesays.com\/lv\/wp-content\/uploads\/2025\/12\/3inldrk8emu-1-800x554.jpg\" alt=\"&#10;\u010ce\u010denijs Republikas vad\u012bt\u0101js Ramzans Kadirovs.&#10;\"\/><\/p>\n<p>\u010ce\u010denijs Republikas vad\u012bt\u0101js Ramzans Kadirovs.<\/p>\n<p>Foto: AP\/SCANPIX\n<\/p>\n<p>21:49, 31. decembris 2025<\/p>\n<p>\u010ce\u010denijas vad\u012bt\u0101js Ramzans Kadirovs p\u0113k\u0161\u0146i saslima nakt\u012b uz 25. decembri pirms tik\u0161an\u0101s ar Krievijas diktatoru Vladimiru Putinu, kop\u0161 t\u0101 laika vi\u0146\u0161 nav par\u0101d\u012bjies sabiedr\u012bb\u0101. Saska\u0146\u0101 ar Novaja Gazeta. <\/p>\n<p>        Las\u012bt\u0101kie<br \/>\n        <a data-imagesrc=\"{&quot;300&quot;:&quot;https:\\\/\\\/lastatic.ams3.cdn.digitaloceanspaces.com\\\/2017\\\/12\\\/jaunais-300x200.jpg&quot;,&quot;768&quot;:&quot;https:\\\/\\\/lastatic.ams3.cdn.digitaloceanspaces.com\\\/2017\\\/12\\\/jaunais-768x512.jpg&quot;,&quot;80&quot;:&quot;https:\\\/\\\/lastatic.ams3.cdn.digitaloceanspaces.com\\\/2017\\\/12\\\/jaunais-80x48.jpg&quot;,&quot;112&quot;:&quot;https:\\\/\\\/lastatic.ams3.cdn.digitaloceanspaces.com\\\/2017\\\/12\\\/jaunais-112x64.jpg&quot;,&quot;664&quot;:&quot;https:\\\/\\\/lastatic.ams3.cdn.digitaloceanspaces.com\\\/2017\\\/12\\\/jaunais-664x443.jpg&quot;,&quot;240&quot;:&quot;https:\\\/\\\/lastatic.ams3.cdn.digitaloceanspaces.com\\\/2017\\\/12\\\/jaunais-240x160.jpg&quot;,&quot;263&quot;:&quot;https:\\\/\\\/lastatic.ams3.cdn.digitaloceanspaces.com\\\/2017\\\/12\\\/jaunais-263x175.jpg&quot;,&quot;507&quot;:&quot;https:\\\/\\\/lastatic.ams3.cdn.digitaloceanspaces.com\\\/2017\\\/12\\\/jaunais-507x338.jpg&quot;,&quot;118&quot;:&quot;https:\\\/\\\/lastatic.ams3.cdn.digitaloceanspaces.com\\\/2017\\\/12\\\/jaunais-118x70.jpg&quot;,&quot;348&quot;:&quot;https:\\\/\\\/lastatic.ams3.cdn.digitaloceanspaces.com\\\/2017\\\/12\\\/jaunais-348x225.jpg&quot;,&quot;640&quot;:&quot;https:\\\/\\\/lastatic.ams3.cdn.digitaloceanspaces.com\\\/2017\\\/12\\\/jaunais-640x640.jpg&quot;,&quot;90&quot;:&quot;https:\\\/\\\/lastatic.ams3.cdn.digitaloceanspaces.com\\\/2017\\\/12\\\/jaunais-90x58.jpg&quot;,&quot;960&quot;:&quot;https:\\\/\\\/lastatic.ams3.cdn.digitaloceanspaces.com\\\/2017\\\/12\\\/jaunais.jpg&quot;}\" data-focuspoint=\"&quot;&quot;\" data-p=\"2477013\" href=\"https:\/\/www.la.lv\/ko-vilkt-mugura-sagaidot-uguniga-zirga-gadu-padomi-katrai-zodiaka-zimei-lai-piesaistitu-veiksmi-un-harmoniju\" class=\"content-item lazy-load\" wp_automatic_readability=\"27.5\" rel=\"nofollow noopener\" target=\"_blank\"><\/p>\n<p>                                <img decoding=\"async\" src=\"\" alt=\"\" style=\"\" data-imageid=\"\"\/><\/p>\n<p>                                Kokteilis<\/p>\n<p>\n                                                Ko vilkt mugur\u0101, sagaidot Ugun\u012bg\u0101 Zirga gadu? Padomi katrai zodiaka z\u012bmei, lai piesaist\u012btu veiksmi un harmoniju\n                            <\/p>\n<p><\/a><a data-imagesrc=\"{&quot;300&quot;:&quot;https:\\\/\\\/lastatic.ams3.cdn.digitaloceanspaces.com\\\/2025\\\/03\\\/pexels-rakicevic-nenad-233369-769525-300x249.jpg&quot;,&quot;1024&quot;:&quot;https:\\\/\\\/lastatic.ams3.cdn.digitaloceanspaces.com\\\/2025\\\/03\\\/pexels-rakicevic-nenad-233369-769525-1024x851.jpg&quot;,&quot;768&quot;:&quot;https:\\\/\\\/lastatic.ams3.cdn.digitaloceanspaces.com\\\/2025\\\/03\\\/pexels-rakicevic-nenad-233369-769525-768x638.jpg&quot;,&quot;1536&quot;:&quot;https:\\\/\\\/lastatic.ams3.cdn.digitaloceanspaces.com\\\/2025\\\/03\\\/pexels-rakicevic-nenad-233369-769525-1536x1276.jpg&quot;,&quot;2048&quot;:&quot;https:\\\/\\\/lastatic.ams3.cdn.digitaloceanspaces.com\\\/2025\\\/03\\\/pexels-rakicevic-nenad-233369-769525-2048x1701.jpg&quot;,&quot;200&quot;:&quot;https:\\\/\\\/lastatic.ams3.cdn.digitaloceanspaces.com\\\/2025\\\/03\\\/pexels-rakicevic-nenad-233369-769525-200x166.jpg&quot;,&quot;400&quot;:&quot;https:\\\/\\\/lastatic.ams3.cdn.digitaloceanspaces.com\\\/2025\\\/03\\\/pexels-rakicevic-nenad-233369-769525-400x332.jpg&quot;,&quot;500&quot;:&quot;https:\\\/\\\/lastatic.ams3.cdn.digitaloceanspaces.com\\\/2025\\\/03\\\/pexels-rakicevic-nenad-233369-769525-500x415.jpg&quot;,&quot;800&quot;:&quot;https:\\\/\\\/lastatic.ams3.cdn.digitaloceanspaces.com\\\/2025\\\/03\\\/pexels-rakicevic-nenad-233369-769525-800x665.jpg&quot;,&quot;1000&quot;:&quot;https:\\\/\\\/lastatic.ams3.cdn.digitaloceanspaces.com\\\/2025\\\/03\\\/pexels-rakicevic-nenad-233369-769525-1000x831.jpg&quot;,&quot;2560&quot;:&quot;https:\\\/\\\/lastatic.ams3.cdn.digitaloceanspaces.com\\\/2025\\\/03\\\/pexels-rakicevic-nenad-233369-769525-scaled.jpg&quot;}\" data-focuspoint=\"&quot;&quot;\" data-p=\"2470324\" href=\"https:\/\/www.la.lv\/ko-vilkt-jaungada-nakti-astrologi-sniedz-precizas-norades-katrai-zodiaka-zimei\" class=\"content-item lazy-load\" wp_automatic_readability=\"26\" rel=\"nofollow noopener\" target=\"_blank\"><\/p>\n<p>                                <img decoding=\"async\" src=\"\" alt=\"\" style=\"\" data-imageid=\"\"\/><\/p>\n<p>                                Kokteilis<\/p>\n<p>\n                                                Ko vilkt Jaungada nakt\u012b? Astrologi sniedz prec\u012bzas nor\u0101des katrai zodiaka z\u012bmei\n                            <\/p>\n<p><\/a><a data-imagesrc=\"{&quot;300&quot;:&quot;https:\\\/\\\/lastatic.ams3.cdn.digitaloceanspaces.com\\\/2021\\\/11\\\/lampinas234-300x197.jpg&quot;,&quot;1024&quot;:&quot;https:\\\/\\\/lastatic.ams3.cdn.digitaloceanspaces.com\\\/2021\\\/11\\\/lampinas234-1024x673.jpg&quot;,&quot;768&quot;:&quot;https:\\\/\\\/lastatic.ams3.cdn.digitaloceanspaces.com\\\/2021\\\/11\\\/lampinas234-768x505.jpg&quot;,&quot;200&quot;:&quot;https:\\\/\\\/lastatic.ams3.cdn.digitaloceanspaces.com\\\/2021\\\/11\\\/lampinas234-200x131.jpg&quot;,&quot;400&quot;:&quot;https:\\\/\\\/lastatic.ams3.cdn.digitaloceanspaces.com\\\/2021\\\/11\\\/lampinas234-400x263.jpg&quot;,&quot;500&quot;:&quot;https:\\\/\\\/lastatic.ams3.cdn.digitaloceanspaces.com\\\/2021\\\/11\\\/lampinas234-500x329.jpg&quot;,&quot;800&quot;:&quot;https:\\\/\\\/lastatic.ams3.cdn.digitaloceanspaces.com\\\/2021\\\/11\\\/lampinas234-800x526.jpg&quot;,&quot;1000&quot;:&quot;https:\\\/\\\/lastatic.ams3.cdn.digitaloceanspaces.com\\\/2021\\\/11\\\/lampinas234-1000x657.jpg&quot;,&quot;1255&quot;:&quot;https:\\\/\\\/lastatic.ams3.cdn.digitaloceanspaces.com\\\/2021\\\/11\\\/lampinas234.jpg&quot;}\" data-focuspoint=\"&quot;&quot;\" data-p=\"2300449\" href=\"https:\/\/www.la.lv\/ka-zodiaka-zimes-var-viena-otrai-sabojat-jauna-gada-sagaidisanu-versis-tuviniekus-saks-terorizet-jau-laikus\" class=\"content-item lazy-load\" wp_automatic_readability=\"26.5\" rel=\"nofollow noopener\" target=\"_blank\"><\/p>\n<p>                                <img decoding=\"async\" src=\"\" alt=\"\" style=\"\" data-imageid=\"\"\/><\/p>\n<p>                                Kokteilis<\/p>\n<p>\n                                                K\u0101 zodiaka z\u012bmes var viena otrai saboj\u0101t Jaun\u0101 gada sagaid\u012b\u0161anu? V\u0113rsis tuviniekus s\u0101ks teroriz\u0113t jau laikus\n                            <\/p>\n<p><\/a><br \/>\n        <a class=\"read-more\" href=\"https:\/\/www.la.lv\/top\" rel=\"nofollow noopener\" target=\"_blank\">Las\u012bt citas zi\u0146as<\/a><\/p>\n<p>Lai tiktos ar Putinu, vi\u0146\u0161 ierad\u0101s Krievijas galvaspils\u0113t\u0101 dienu pirms pas\u0101kuma, bet nakt\u012b pirms san\u0101ksmes vi\u0146a vesel\u012bba strauji pasliktin\u0101j\u0101s, p\u0113c tam vi\u0146\u0161 tika nog\u0101d\u0101ts prezidenta kl\u012bnik\u0101 \u0101tr\u0101s pal\u012bdz\u012bbas ma\u0161\u012bn\u0101. <\/p>\n<p>P\u0113c \u017eurn\u0101listu sarunu biedra dom\u0101m, \u0161aj\u0101 medic\u012bnas iest\u0101d\u0113 \u010ce\u010denijas vad\u012bt\u0101js tika \u201c\u0101tri iz\u0101rst\u0113ts\u201d, un p\u0113c tam vi\u0146\u0161 atgriez\u0101s republik\u0101 un kop\u0161 t\u0101 laika ir izvair\u012bjies no par\u0101d\u012b\u0161an\u0101s publiskos pas\u0101kumos. Attiec\u012bb\u0101 uz Valsts padomes san\u0101ksmi materi\u0101ls saka, ka \u0161\u0101dam gad\u012bjumam nebija rezerves pl\u0101na, t\u0101p\u0113c tas notika bez \u010ce\u010denijas p\u0101rst\u0101vja piedal\u012b\u0161an\u0101s.<\/p>\n<p>    CITI \u0160OBR\u012aD LASA<\/p>\n<p>Inform\u0101cija par \u010ce\u010denijas vad\u012bt\u0101ja vesel\u012bbas probl\u0113m\u0101m nav epizodiska, bet sist\u0113miska. Saska\u0146\u0101 ar pla\u0161sazi\u0146as l\u012bdzek\u013cu zi\u0146ojumiem, kop\u0161 pag\u0101ju\u0161\u0101 gada s\u0101kuma, kad Kadyrovs tika hospitaliz\u0113ts priv\u0101taj\u0101 kl\u012bnik\u0101 \u201cAymedi\u201d Groznij\u0101, vi\u0146a st\u0101voklis turpin\u0101ja pasliktin\u0101ties. <\/p>\n<p>Gada laik\u0101 vi\u0146\u0161 reti par\u0101d\u012bj\u0101s publiskaj\u0101 telp\u0101 un, saska\u0146\u0101 ar avotiem, faktiski p\u0101rtrauca p\u0101rvald\u012bt re\u0123ionu sav\u0101 parastaj\u0101 manu\u0101laj\u0101 re\u017e\u012bm\u0101. Vi\u0146\u0161 liel\u0101ko da\u013cu laika pavada vai nu sav\u0101 dz\u012bvesviet\u0101, vai Aymedi kl\u012bnik\u0101. P\u0113c \u017eurn\u0101listu dom\u0101m, Kadyrovu divas reizes konsult\u0113ja \u0101rsti no V\u0101cijas. <\/p>\n<p>P\u0113d\u0113j\u0101 konsult\u0101cija, iesp\u0113jams, notika novembr\u012b priv\u0101t\u0101 kl\u012bnik\u0101 Dubaij\u0101. Tom\u0113r \u0161ie pas\u0101kumi, ac\u012bmredzot, nedeva taust\u0101mus rezult\u0101tus. Laikraksts cit\u0113 \u010ce\u010denijas FSB avota v\u0101rdus, kur\u0161 st\u0101st\u012bja par Kadyrova sv\u012btas apgalvojumiem, ka \u201cnav cer\u012bbu uz labu izn\u0101kumu\u201d.<\/p>\n<p>T\u0113mas<\/p>\n<p>    SAIST\u012aTIE RAKSTI<\/p>\n","protected":false},"excerpt":{"rendered":"\u010ce\u010denijs Republikas vad\u012bt\u0101js Ramzans Kadirovs. Foto: AP\/SCANPIX 21:49, 31. decembris 2025 \u010ce\u010denijas vad\u012bt\u0101js Ramzans Kadirovs p\u0113k\u0161\u0146i saslima nakt\u012b&hellip;\n","protected":false},"author":2,"featured_media":91242,"comment_status":"","ping_status":"","sticky":false,"template":"","format":"standard","meta":{"footnotes":""},"categories":[14],"tags":[23,57,28,29,32,33,22,30,31,35,39,38,36,37,34,40,20,26,27,24,25,54,55,56,21,58],"class_list":{"0":"post-91241","1":"post","2":"type-post","3":"status-publish","4":"format-standard","5":"has-post-thumbnail","7":"category-zinas-no-arvalstim","8":"tag-aktualitates","9":"tag-arvalstim","10":"tag-breaking-news","11":"tag-breakingnews","12":"tag-featured-news","13":"tag-featurednews","14":"tag-headlines","15":"tag-latest-news","16":"tag-latestnews","17":"tag-latvia","18":"tag-latvian","19":"tag-latviesu","20":"tag-latviesu-valoda","21":"tag-latviesuvaloda","22":"tag-latvija","23":"tag-lv","24":"tag-news","25":"tag-popularakas-zinas","26":"tag-popularakaszinas","27":"tag-top-stories","28":"tag-topstories","29":"tag-world","30":"tag-world-news","31":"tag-worldnews","32":"tag-zinas","33":"tag-zinas-no-arvalstim"},"share_on_mastodon":{"url":"https:\/\/pubeurope.com\/@lv\/115816594553108718","error":""},"_links":{"self":[{"href":"https:\/\/www.europesays.com\/lv\/wp-json\/wp\/v2\/posts\/91241","targetHints":{"allow":["GET"]}}],"collection":[{"href":"https:\/\/www.europesays.com\/lv\/wp-json\/wp\/v2\/posts"}],"about":[{"href":"https:\/\/www.europesays.com\/lv\/wp-json\/wp\/v2\/types\/post"}],"author":[{"embeddable":true,"href":"https:\/\/www.europesays.com\/lv\/wp-json\/wp\/v2\/users\/2"}],"replies":[{"embeddable":true,"href":"https:\/\/www.europesays.com\/lv\/wp-json\/wp\/v2\/comments?post=91241"}],"version-history":[{"count":0,"href":"https:\/\/www.europesays.com\/lv\/wp-json\/wp\/v2\/posts\/91241\/revisions"}],"wp:featuredmedia":[{"embeddable":true,"href":"https:\/\/www.europesays.com\/lv\/wp-json\/wp\/v2\/media\/91242"}],"wp:attachment":[{"href":"https:\/\/www.europesays.com\/lv\/wp-json\/wp\/v2\/media?parent=91241"}],"wp:term":[{"taxonomy":"category","embeddable":true,"href":"https:\/\/www.europesays.com\/lv\/wp-json\/wp\/v2\/categories?post=91241"},{"taxonomy":"post_tag","embeddable":true,"href":"https:\/\/www.europesays.com\/lv\/wp-json\/wp\/v2\/tags?post=91241"}],"curies":[{"name":"wp","href":"https:\/\/api.w.org\/{rel}","templated":true}]}}