{"id":91247,"date":"2025-12-31T22:47:13","date_gmt":"2025-12-31T22:47:13","guid":{"rendered":"https:\/\/www.europesays.com\/lv\/91247\/"},"modified":"2025-12-31T22:47:13","modified_gmt":"2025-12-31T22:47:13","slug":"palidzibas-organizaciju-licences-gaza-tiks-apturetas-izraelas-lemums","status":"publish","type":"post","link":"https:\/\/www.europesays.com\/lv\/91247\/","title":{"rendered":"Pal\u012bdz\u012bbas organiz\u0101ciju licences Gaz\u0101 tiks aptur\u0113tas: Izra\u0113las l\u0113mums"},"content":{"rendered":"<p class=\"descr\">Izra\u0113la otrdien br\u012bdin\u0101ja, ka no janv\u0101ra aptur\u0113s vair\u0101ku pal\u012bdz\u012bbas organiz\u0101ciju darb\u012bbu Gazas josl\u0101, jo t\u0101s nav sniegu\u0161as detaliz\u0113tas zi\u0146as par savu palest\u012bnie\u0161u person\u0101lu.<\/p>\n<p>Diasporas lietu un antisem\u012btisma apkaro\u0161anas ministrija pazi\u0146oja, ka \u0161is solis ir da\u013ca no <a href=\"https:\/\/nra.lv\/pasaule\/509039-izraela-hamas-tiks-atbrunots.htm\" data-item-link=\"true\" data-item-id=\"509039\" rel=\"nofollow noopener\" target=\"_blank\">Izra\u0113las l\u0113muma <\/a>&#8220;pastiprin\u0101t un atjaunin\u0101t&#8221; noteikumus, kas regul\u0113 starptautisko nevalstisko organiz\u0101ciju (NVO) darb\u012bbas \u0161aj\u0101 palest\u012bnie\u0161u teritorij\u0101.<\/p>\n<p>&#8220;Hum\u0101n\u0101s pal\u012bdz\u012bbas organiz\u0101cij\u0101m, kuras neatbilst dro\u0161\u012bbas un caurskat\u0101m\u012bbas pras\u012bb\u0101m, tiks aptur\u0113tas licences,&#8221; pazi\u0146oja ministrija.<\/p>\n<p>T\u0101 piebilda, ka organiz\u0101cijas, kuras &#8220;nesadarboj\u0101s un atteic\u0101s iesniegt savu palest\u012bnie\u0161u darbinieku sarakstu, lai izsl\u0113gtu jebk\u0101du saist\u012bbu ar terorismu&#8221;, ir sa\u0146\u0113mu\u0161as ofici\u0101lu pazi\u0146ojumu, ka to licences tiks atceltas no 1. janv\u0101ra.<\/p>\n<p>Attiec\u012bgaj\u0101m organiz\u0101cij\u0101m, kuru nosaukumi netika izpausti, tika dots r\u012bkojums izbeigt visas darb\u012bbas l\u012bdz 1. martam.<\/p>\n<p>Ministrija infrorm\u0113ja, ka \u0161\u012bm organiz\u0101cij\u0101m bija doti 10 m\u0113ne\u0161i pras\u012bt\u0101s inform\u0101cijas iesnieg\u0161anai, bet t\u0101s &#8220;tom\u0113r neizpild\u012bja pras\u012bbas&#8221;.<\/p>\n<p>Ministrija \u0161om\u0113nes bija pav\u0113st\u012bjusi zi\u0146u a\u0123ent\u016brai AFP, ka l\u012bdz 25. novembrim tika iesniegti aptuveni 100 re\u0123istr\u0101cijas pieteikumu, no kuriem tikai 14 noraid\u012bti. &#8220;P\u0101r\u0113jie ir apstiprin\u0101ti vai pa\u0161laik tiek izskat\u012bti,&#8221; ministrija piebilda.<\/p>\n<p>Diasporas lietu un antisem\u012btisma apkaro\u0161anas ministrija otrdien sav\u0101 pazi\u0146ojum\u0101 p\u0113c izmekl\u0113\u0161anas apgalvoja, ka starptautisk\u0101 organiz\u0101cija &#8220;\u0100rsti bez robe\u017e\u0101m&#8221; (&#8220;Medecins Sans Frontieres&#8221;, MSF) bija nodarbin\u0101jusi divus cilv\u0113kus, no kuriem viens bija saist\u012bts ar kaujinieku grup\u0113jumu &#8220;Ham\u0101s&#8221;, bet otrs &#8211;<a href=\"https:\/\/nra.lv\/pasaule\/502109-izraelas-armija-bridina-ka-gazas-pilseta-darbosies-ar-nepieredzetu-speku.htm\" data-item-link=\"true\" data-item-id=\"502109\" rel=\"nofollow noopener\" target=\"_blank\"> ar grup\u0113jumu &#8220;Palest\u012bnie\u0161u isl\u0101ma d\u017eih\u0101ds&#8221;.<\/a><\/p>\n<p>&#8220;Neraugoties uz atk\u0101rtotiem piepras\u012bjumiem, organiz\u0101cija nesniedza piln\u012bgu inform\u0101ciju par \u0161o indiv\u012bdu identit\u0101ti un lomu,&#8221; piebilda ministrija \u0161aj\u0101 pazi\u0146ojum\u0101.<\/p>\n<p>MSF \u017eurn\u0101listiem pav\u0113st\u012bja, ka t\u0101 &#8220;nekad apzin\u0101ti nenodarbin\u0101tu cilv\u0113kus, kas iesaist\u012bti milit\u0101r\u0101 darb\u012bb\u0101&#8221;, jo tas &#8220;rad\u012btu apdraud\u0113jumu m\u016bsu person\u0101lam un m\u016bsu pacientiem&#8221;.<\/p>\n<p>MSF piebilda, ka t\u0101 &#8220;turpina run\u0101t un diskut\u0113t ar Izra\u0113las varas iest\u0101d\u0113m&#8221; un &#8220;v\u0113l nav sa\u0146\u0113musi l\u0113mumu par p\u0101rre\u0123istr\u0101ciju&#8221;.<\/p>\n<p>Ministrija pazi\u0146oja, ka \u0161ie pas\u0101kumi neietekm\u0113s hum\u0101n\u0101s pal\u012bdz\u012bbas pieg\u0101di Gazas joslai. &#8220;Tikai ierobe\u017eots skaits organiz\u0101ciju &#8211; nepilni 15% &#8211; ir pie\u0137ertas regul\u0113juma p\u0101rk\u0101p\u0161an\u0101,&#8221; teikts ministrijas pazi\u0146ojum\u0101.<\/p>\n<p>Vair\u0101kas NVO pav\u0113st\u012bja AFP, ka jaunie noteikumi iev\u0113rojami ietekm\u0113s pal\u012bdz\u012bbas sadali Gazas josl\u0101.<\/p>\n<p>\t\t\t\t\t\tinfo<\/p>\n<p>Uzzini pirmais<br \/>kas interesants noticis Latvij\u0101 un pasaul\u0113,<br \/>pievienojoties mums <a href=\"https:\/\/t.me\/neatkariga\" rel=\"nofollow\">Telegram<\/a> vai <a href=\"https:\/\/whatsapp.com\/channel\/0029VaMLFUH5K3zLU5s4wm3y\" rel=\"nofollow noopener\" target=\"_blank\">Whatsapp<\/a> kan\u0101l\u0101<\/p>\n","protected":false},"excerpt":{"rendered":"Izra\u0113la otrdien br\u012bdin\u0101ja, ka no janv\u0101ra aptur\u0113s vair\u0101ku pal\u012bdz\u012bbas organiz\u0101ciju darb\u012bbu Gazas josl\u0101, jo t\u0101s nav sniegu\u0161as detaliz\u0113tas&hellip;\n","protected":false},"author":2,"featured_media":91248,"comment_status":"","ping_status":"","sticky":false,"template":"","format":"standard","meta":{"footnotes":""},"categories":[14],"tags":[23,57,28,29,32,33,22,30,31,35,39,38,36,37,34,40,20,26,27,24,25,54,55,56,21,58],"class_list":{"0":"post-91247","1":"post","2":"type-post","3":"status-publish","4":"format-standard","5":"has-post-thumbnail","7":"category-zinas-no-arvalstim","8":"tag-aktualitates","9":"tag-arvalstim","10":"tag-breaking-news","11":"tag-breakingnews","12":"tag-featured-news","13":"tag-featurednews","14":"tag-headlines","15":"tag-latest-news","16":"tag-latestnews","17":"tag-latvia","18":"tag-latvian","19":"tag-latviesu","20":"tag-latviesu-valoda","21":"tag-latviesuvaloda","22":"tag-latvija","23":"tag-lv","24":"tag-news","25":"tag-popularakas-zinas","26":"tag-popularakaszinas","27":"tag-top-stories","28":"tag-topstories","29":"tag-world","30":"tag-world-news","31":"tag-worldnews","32":"tag-zinas","33":"tag-zinas-no-arvalstim"},"share_on_mastodon":{"url":"https:\/\/pubeurope.com\/@lv\/115816618010216236","error":""},"_links":{"self":[{"href":"https:\/\/www.europesays.com\/lv\/wp-json\/wp\/v2\/posts\/91247","targetHints":{"allow":["GET"]}}],"collection":[{"href":"https:\/\/www.europesays.com\/lv\/wp-json\/wp\/v2\/posts"}],"about":[{"href":"https:\/\/www.europesays.com\/lv\/wp-json\/wp\/v2\/types\/post"}],"author":[{"embeddable":true,"href":"https:\/\/www.europesays.com\/lv\/wp-json\/wp\/v2\/users\/2"}],"replies":[{"embeddable":true,"href":"https:\/\/www.europesays.com\/lv\/wp-json\/wp\/v2\/comments?post=91247"}],"version-history":[{"count":0,"href":"https:\/\/www.europesays.com\/lv\/wp-json\/wp\/v2\/posts\/91247\/revisions"}],"wp:featuredmedia":[{"embeddable":true,"href":"https:\/\/www.europesays.com\/lv\/wp-json\/wp\/v2\/media\/91248"}],"wp:attachment":[{"href":"https:\/\/www.europesays.com\/lv\/wp-json\/wp\/v2\/media?parent=91247"}],"wp:term":[{"taxonomy":"category","embeddable":true,"href":"https:\/\/www.europesays.com\/lv\/wp-json\/wp\/v2\/categories?post=91247"},{"taxonomy":"post_tag","embeddable":true,"href":"https:\/\/www.europesays.com\/lv\/wp-json\/wp\/v2\/tags?post=91247"}],"curies":[{"name":"wp","href":"https:\/\/api.w.org\/{rel}","templated":true}]}}