{"id":91249,"date":"2025-12-31T22:48:11","date_gmt":"2025-12-31T22:48:11","guid":{"rendered":"https:\/\/www.europesays.com\/lv\/91249\/"},"modified":"2025-12-31T22:48:11","modified_gmt":"2025-12-31T22:48:11","slug":"krasni-un-priecigi-rigas-sirdi-sagaidits-2026-gads","status":"publish","type":"post","link":"https:\/\/www.europesays.com\/lv\/91249\/","title":{"rendered":"Kr\u0101\u0161\u0146i un priec\u012bgi R\u012bgas sird\u012b sagaid\u012bts 2026. gads"},"content":{"rendered":"<p>Ar dan\u010diem, smiekliem un fotograf\u0113\u0161anos R\u012bgas sird\u012b, Vecr\u012bg\u0101, cilv\u0113ki sagaid\u012bju\u0161i Jauno gadu. <\/p>\n<p>K\u0101 liecina R\u012bgas t\u016brisma m\u0101jaslap\u0101 pieejam\u0101 inform\u0101cija, Jaun\u0101 gada sagaid\u012b\u0161ana notika se\u0161os <a rel=\"noopener nofollow\" target=\"_blank\" href=\"https:\/\/www.delfi.lv\/temas\/41965696\/vecriga\" tag-id=\"41965696\">Vecr\u012bgas<\/a> laukumos \u2013 R\u0101tslaukum\u0101, L\u012bvu laukum\u0101,  Pils laukum\u0101, Ka\u013c\u0137u ielas posm\u0101 starp Va\u013c\u0146u ielu un Aspazijas bulv\u0101ri, laukum\u0101 pie Pulvertor\u0146a, k\u0101 ar\u012b 11. novembra krastmalai paral\u0113laj\u0101 iel\u0101 starp Po\u013cu g\u0101ti un B\u012bskapa g\u0101ti.<\/p>\n<p class=\"m-0\">Seko &#8220;Delfi&#8221; ar\u012b  <a target=\"_blank\" href=\"https:\/\/www.instagram.com\/delfi.lv\/\" rel=\"nofollow noopener\">Instagram<\/a>  un <a target=\"_blank\" href=\"https:\/\/www.youtube.com\/channel\/UCw5foWtcJvAbUm64rv7jwUQ\" rel=\"nofollow noopener\">YouTube<\/a>  profil\u0101 \u2013 pievienojies, lai uzzin\u0101tu svar\u012bg\u0101ko un interesant\u0101ko pirmais!<\/p>\n<p>Publik\u0101cijas saturs vai t\u0101s jebk\u0101da apjoma da\u013ca ir aizsarg\u0101ts autorties\u012bbu objekts Autorties\u012bbu likuma izpratn\u0113, un t\u0101 izmanto\u0161ana bez izdev\u0113ja at\u013caujas ir aizliegta. Vair\u0101k lasi  <a target=\"_blank\" href=\"https:\/\/www.delfi.lv\/noteikumi#autortiesibas\" rel=\"nofollow noopener\">\u0161eit<\/a><script async src=\"\/\/www.instagram.com\/embed.js\"><\/script><\/p>\n","protected":false},"excerpt":{"rendered":"Ar dan\u010diem, smiekliem un fotograf\u0113\u0161anos R\u012bgas sird\u012b, Vecr\u012bg\u0101, cilv\u0113ki sagaid\u012bju\u0161i Jauno gadu. K\u0101 liecina R\u012bgas t\u016brisma m\u0101jaslap\u0101 pieejam\u0101&hellip;\n","protected":false},"author":2,"featured_media":91250,"comment_status":"","ping_status":"","sticky":false,"template":"","format":"standard","meta":{"footnotes":""},"categories":[12],"tags":[23,28,29,32,33,22,18259,30,31,35,39,38,36,37,34,40,20,26,27,687,24,25,4479,581,21],"class_list":{"0":"post-91249","1":"post","2":"type-post","3":"status-publish","4":"format-standard","5":"has-post-thumbnail","7":"category-latvija","8":"tag-aktualitates","9":"tag-breaking-news","10":"tag-breakingnews","11":"tag-featured-news","12":"tag-featurednews","13":"tag-headlines","14":"tag-jaunais-gads","15":"tag-latest-news","16":"tag-latestnews","17":"tag-latvia","18":"tag-latvian","19":"tag-latviesu","20":"tag-latviesu-valoda","21":"tag-latviesuvaloda","22":"tag-latvija","23":"tag-lv","24":"tag-news","25":"tag-popularakas-zinas","26":"tag-popularakaszinas","27":"tag-rigas-dome","28":"tag-top-stories","29":"tag-topstories","30":"tag-turisms","31":"tag-vecriga","32":"tag-zinas"},"share_on_mastodon":{"url":"https:\/\/pubeurope.com\/@lv\/115816621855695872","error":""},"_links":{"self":[{"href":"https:\/\/www.europesays.com\/lv\/wp-json\/wp\/v2\/posts\/91249","targetHints":{"allow":["GET"]}}],"collection":[{"href":"https:\/\/www.europesays.com\/lv\/wp-json\/wp\/v2\/posts"}],"about":[{"href":"https:\/\/www.europesays.com\/lv\/wp-json\/wp\/v2\/types\/post"}],"author":[{"embeddable":true,"href":"https:\/\/www.europesays.com\/lv\/wp-json\/wp\/v2\/users\/2"}],"replies":[{"embeddable":true,"href":"https:\/\/www.europesays.com\/lv\/wp-json\/wp\/v2\/comments?post=91249"}],"version-history":[{"count":0,"href":"https:\/\/www.europesays.com\/lv\/wp-json\/wp\/v2\/posts\/91249\/revisions"}],"wp:featuredmedia":[{"embeddable":true,"href":"https:\/\/www.europesays.com\/lv\/wp-json\/wp\/v2\/media\/91250"}],"wp:attachment":[{"href":"https:\/\/www.europesays.com\/lv\/wp-json\/wp\/v2\/media?parent=91249"}],"wp:term":[{"taxonomy":"category","embeddable":true,"href":"https:\/\/www.europesays.com\/lv\/wp-json\/wp\/v2\/categories?post=91249"},{"taxonomy":"post_tag","embeddable":true,"href":"https:\/\/www.europesays.com\/lv\/wp-json\/wp\/v2\/tags?post=91249"}],"curies":[{"name":"wp","href":"https:\/\/api.w.org\/{rel}","templated":true}]}}