{"id":91251,"date":"2025-12-31T22:49:11","date_gmt":"2025-12-31T22:49:11","guid":{"rendered":"https:\/\/www.europesays.com\/lv\/91251\/"},"modified":"2025-12-31T22:49:11","modified_gmt":"2025-12-31T22:49:11","slug":"video-%e2%9f%a9-publicets-video-kura-iemuzinata-viena-no-verienigakajam-bankas-aplaupisanam-vacija","status":"publish","type":"post","link":"https:\/\/www.europesays.com\/lv\/91251\/","title":{"rendered":"VIDEO \u27e9 Public\u0113ts video, kur\u0101 iem\u016b\u017ein\u0101ta viena no v\u0113rien\u012bg\u0101kaj\u0101m bankas aplaup\u012b\u0161an\u0101m V\u0101cij\u0101"},"content":{"rendered":"<p>Policija izmekl\u0113 lietu par laup\u012b\u0161anu, kas saist\u012bta ar smagu noziegumu grup\u0101, un zi\u0146o, ka jau ir pieteiku\u0161ies vair\u0101ki aculiecinieki. Vi\u0146i zi\u0146oja, ka sv\u0113tdienas vakar\u0101 pazemes autost\u0101vvietas k\u0101p\u0146u telp\u0101 redz\u0113ju\u0161i vair\u0101kus v\u012brie\u0161us ar liel\u0101m som\u0101m. Redz\u0113ta ar\u012b melna Audi RS6 automa\u0161\u012bna ar Hannoveres numura z\u012bm\u0113m. P\u0113c policijas teikt\u0101, numura z\u012bmes bija viltotas \u2013 s\u0101kotn\u0113ji t\u0101s tika uzskat\u012btas par zagt\u0101m. Automa\u0161\u012bn\u0101 atrad\u0101s mask\u0101s t\u0113rpti v\u012brie\u0161i, no kuriem viens aktiviz\u0113ja izejas barjeru.<\/p>\n<p>Saska\u0146\u0101 ar bankas sniegto inform\u0101ciju, vain\u012bgie uzlauza 95 procentus no 3250 klientu seifiem. Fili\u0101les seifu nodro\u0161ina signaliz\u0101cijas sist\u0113mas. Klienti zi\u0146o, ka telp\u0101 ir ar\u012b videonov\u0113ro\u0161ana. Prec\u012bzs skaidras naudas, zelta un v\u0113rtslietu daudzums, ko zag\u013ci nozagu\u0161i Gelzenkirhen\u0113, joproj\u0101m tiek preciz\u0113ts. Bankas nezina, kas tiek glab\u0101ts to seifos, t\u0101p\u0113c ir j\u0101sazin\u0101s ar cietu\u0161ajiem.<\/p>\n<p>Policija pa\u0161laik savus apr\u0113\u0137inus balsta uz apdro\u0161in\u0101\u0161anas segumu uz vienu seifu. Saska\u0146\u0101 ar Sparkasse Gelsenkirchen datiem, katrs no vair\u0101k nek\u0101 3000 seifiem ir apdro\u0161in\u0101ta par 10 300 eiro. \u201cT\u0101p\u0113c ofici\u0101li m\u0113s run\u0101jam par vid\u0113ji divciparu miljonu eiro lielu summu,\u201d raidsabiedr\u012bbai WDR past\u0101st\u012bja policijas p\u0101rst\u0101vis. Tas padar\u012btu to par vienu no liel\u0101kaj\u0101m laup\u012b\u0161an\u0101m V\u0101cijas krimin\u0101laj\u0101 v\u0113stur\u0113. Kr\u0101jbanka nor\u0101da, ka akt\u012bvi, kuru v\u0113rt\u012bba p\u0101rsniedz 10 300 eiro, ir apdro\u0161in\u0101ti tikai ar \u012bpa\u0161u apdro\u0161in\u0101\u0161anas polisi. Banka uzsver, ka t\u0101 mekl\u0113 \u0101tru risin\u0101jumu ar apdro\u0161in\u0101\u0161anas komp\u0101niju Provinzial par to, k\u0101 atl\u012bdzin\u0101t zaud\u0113jumus un k\u0101di dokumenti tam ir nepiecie\u0161ami.<\/p>\n<p>Otrdienas r\u012bt\u0101 pie bankas fili\u0101les pulc\u0113j\u0101s aptuveni 200 satrauktu klientu, mekl\u0113jot inform\u0101ciju par to, k\u0101ds liktenis piemekl\u0113jis vi\u0146u seifu saturu.<\/p>\n","protected":false},"excerpt":{"rendered":"Policija izmekl\u0113 lietu par laup\u012b\u0161anu, kas saist\u012bta ar smagu noziegumu grup\u0101, un zi\u0146o, ka jau ir pieteiku\u0161ies vair\u0101ki&hellip;\n","protected":false},"author":2,"featured_media":91252,"comment_status":"","ping_status":"","sticky":false,"template":"","format":"standard","meta":{"footnotes":""},"categories":[5],"tags":[23,22991,28,29,32,33,22,30,31,35,39,38,36,37,34,40,20,26,27,24,25,299,21],"class_list":{"0":"post-91251","1":"post","2":"type-post","3":"status-publish","4":"format-standard","5":"has-post-thumbnail","7":"category-aktualitates","8":"tag-aktualitates","9":"tag-banku-laupisanas","10":"tag-breaking-news","11":"tag-breakingnews","12":"tag-featured-news","13":"tag-featurednews","14":"tag-headlines","15":"tag-latest-news","16":"tag-latestnews","17":"tag-latvia","18":"tag-latvian","19":"tag-latviesu","20":"tag-latviesu-valoda","21":"tag-latviesuvaloda","22":"tag-latvija","23":"tag-lv","24":"tag-news","25":"tag-popularakas-zinas","26":"tag-popularakaszinas","27":"tag-top-stories","28":"tag-topstories","29":"tag-vacija","30":"tag-zinas"},"share_on_mastodon":{"url":"https:\/\/pubeurope.com\/@lv\/115816625764327913","error":""},"_links":{"self":[{"href":"https:\/\/www.europesays.com\/lv\/wp-json\/wp\/v2\/posts\/91251","targetHints":{"allow":["GET"]}}],"collection":[{"href":"https:\/\/www.europesays.com\/lv\/wp-json\/wp\/v2\/posts"}],"about":[{"href":"https:\/\/www.europesays.com\/lv\/wp-json\/wp\/v2\/types\/post"}],"author":[{"embeddable":true,"href":"https:\/\/www.europesays.com\/lv\/wp-json\/wp\/v2\/users\/2"}],"replies":[{"embeddable":true,"href":"https:\/\/www.europesays.com\/lv\/wp-json\/wp\/v2\/comments?post=91251"}],"version-history":[{"count":0,"href":"https:\/\/www.europesays.com\/lv\/wp-json\/wp\/v2\/posts\/91251\/revisions"}],"wp:featuredmedia":[{"embeddable":true,"href":"https:\/\/www.europesays.com\/lv\/wp-json\/wp\/v2\/media\/91252"}],"wp:attachment":[{"href":"https:\/\/www.europesays.com\/lv\/wp-json\/wp\/v2\/media?parent=91251"}],"wp:term":[{"taxonomy":"category","embeddable":true,"href":"https:\/\/www.europesays.com\/lv\/wp-json\/wp\/v2\/categories?post=91251"},{"taxonomy":"post_tag","embeddable":true,"href":"https:\/\/www.europesays.com\/lv\/wp-json\/wp\/v2\/tags?post=91251"}],"curies":[{"name":"wp","href":"https:\/\/api.w.org\/{rel}","templated":true}]}}