{"id":91253,"date":"2025-12-31T22:53:11","date_gmt":"2025-12-31T22:53:11","guid":{"rendered":"https:\/\/www.europesays.com\/lv\/91253\/"},"modified":"2025-12-31T22:53:11","modified_gmt":"2025-12-31T22:53:11","slug":"par-spiti-manis-pasas-meliem-vecgada-vakara-adriana-miglane-prezente-dziesmu","status":"publish","type":"post","link":"https:\/\/www.europesays.com\/lv\/91253\/","title":{"rendered":"\u201cPar sp\u012bti manis pa\u0161as meliem.\u201d Vecgada vakar\u0101 Adriana Migl\u0101ne prezent\u0113 dziesmu"},"content":{"rendered":"<p>Potenci\u0101l\u0101 h\u012bta m\u016bzikas un v\u0101rdu autore ir pati Adriana, dziesmu Migl\u0101ne ar\u012b produc\u0113jusi.<\/p>\n<p>\u201cEs ceru, ka jums patiks un v\u0113los pateikties savai komandai, kuri pal\u012bdz\u0113ja realiz\u0113t \u0161o projektu. Es esmu pateic\u012bga saviem e\u0146\u0123e\u013ciem, sav\u0101m meiten\u0113m, kuras dar\u012bja visu, lai man pal\u012bdz\u0113tu,\u201d t\u0101 Adriana.<\/p>\n<p>Par dziesmu Adriana saka, ka t\u0101 ir \u012bpa\u0161a, sarakst\u012bta ar visu vi\u0146as sirdi un dv\u0113seli. Dzied\u0101t\u0101ja nu zina, ka uz l\u016bg\u0161an\u0101m vienm\u0113r tiek atbild\u0113ts.<\/p>\n<p>Atg\u0101din\u0101m, ka ruden\u012b dzied\u0101t\u0101ja kop\u0101 ar d\u0113li\u0146u Hugo no \u012arijas atgriez\u0101s Latvij\u0101, sekojot sirdsbalsij, diem\u017e\u0113l, m\u0101ksliniece jau atkal v\u012bl\u0101s attiec\u012bb\u0101s un nu remd\u0113 s\u0101pes, mekl\u0113 iedvesmu dz\u012bvei m\u016bzik\u0101 un d\u0113li\u0146\u0101.<\/p>\n<p class=\"tv3-fw-500\">Zi\u0146o par k\u013c\u016bdu rakst\u0101<\/p>\n<p class=\"d-md-block d-none\">Iez\u012bm\u0113 k\u013c\u016bdaino tekstu un spied Ctrl+Enter.<\/p>\n<p class=\"d-md-none d-block\">Iez\u012bm\u0113 k\u013c\u016bdaino tekstu un zi\u0146o par to!<\/p>\n","protected":false},"excerpt":{"rendered":"Potenci\u0101l\u0101 h\u012bta m\u016bzikas un v\u0101rdu autore ir pati Adriana, dziesmu Migl\u0101ne ar\u012b produc\u0113jusi. \u201cEs ceru, ka jums patiks&hellip;\n","protected":false},"author":2,"featured_media":91254,"comment_status":"","ping_status":"","sticky":false,"template":"","format":"standard","meta":{"footnotes":""},"categories":[14],"tags":[22992,23,57,28,29,32,33,22,30,31,35,39,38,36,37,34,40,20,26,27,24,25,54,55,56,21,58],"class_list":{"0":"post-91253","1":"post","2":"type-post","3":"status-publish","4":"format-standard","5":"has-post-thumbnail","7":"category-zinas-no-arvalstim","8":"tag-adriana-miglanejauna-dziesmaticibas-speks","9":"tag-aktualitates","10":"tag-arvalstim","11":"tag-breaking-news","12":"tag-breakingnews","13":"tag-featured-news","14":"tag-featurednews","15":"tag-headlines","16":"tag-latest-news","17":"tag-latestnews","18":"tag-latvia","19":"tag-latvian","20":"tag-latviesu","21":"tag-latviesu-valoda","22":"tag-latviesuvaloda","23":"tag-latvija","24":"tag-lv","25":"tag-news","26":"tag-popularakas-zinas","27":"tag-popularakaszinas","28":"tag-top-stories","29":"tag-topstories","30":"tag-world","31":"tag-world-news","32":"tag-worldnews","33":"tag-zinas","34":"tag-zinas-no-arvalstim"},"share_on_mastodon":{"url":"https:\/\/pubeurope.com\/@lv\/115816641553234777","error":""},"_links":{"self":[{"href":"https:\/\/www.europesays.com\/lv\/wp-json\/wp\/v2\/posts\/91253","targetHints":{"allow":["GET"]}}],"collection":[{"href":"https:\/\/www.europesays.com\/lv\/wp-json\/wp\/v2\/posts"}],"about":[{"href":"https:\/\/www.europesays.com\/lv\/wp-json\/wp\/v2\/types\/post"}],"author":[{"embeddable":true,"href":"https:\/\/www.europesays.com\/lv\/wp-json\/wp\/v2\/users\/2"}],"replies":[{"embeddable":true,"href":"https:\/\/www.europesays.com\/lv\/wp-json\/wp\/v2\/comments?post=91253"}],"version-history":[{"count":0,"href":"https:\/\/www.europesays.com\/lv\/wp-json\/wp\/v2\/posts\/91253\/revisions"}],"wp:featuredmedia":[{"embeddable":true,"href":"https:\/\/www.europesays.com\/lv\/wp-json\/wp\/v2\/media\/91254"}],"wp:attachment":[{"href":"https:\/\/www.europesays.com\/lv\/wp-json\/wp\/v2\/media?parent=91253"}],"wp:term":[{"taxonomy":"category","embeddable":true,"href":"https:\/\/www.europesays.com\/lv\/wp-json\/wp\/v2\/categories?post=91253"},{"taxonomy":"post_tag","embeddable":true,"href":"https:\/\/www.europesays.com\/lv\/wp-json\/wp\/v2\/tags?post=91253"}],"curies":[{"name":"wp","href":"https:\/\/api.w.org\/{rel}","templated":true}]}}