{"id":91255,"date":"2025-12-31T22:54:23","date_gmt":"2025-12-31T22:54:23","guid":{"rendered":"https:\/\/www.europesays.com\/lv\/91255\/"},"modified":"2025-12-31T22:54:23","modified_gmt":"2025-12-31T22:54:23","slug":"sogad-latvija-konstatets-jau-divpadsmitais-acm-uzliesmojums-majas-cuku-novietnes","status":"publish","type":"post","link":"https:\/\/www.europesays.com\/lv\/91255\/","title":{"rendered":"\u0160ogad Latvij\u0101 konstat\u0113ts jau divpadsmitais \u0100CM uzliesmojums m\u0101jas c\u016bku novietn\u0113s"},"content":{"rendered":"<p>Kop\u0161 2014. gada j\u016bnija, kad Latvij\u0101 pirmo reizi tika re\u0123istr\u0113ts \u0100CM, v\u012bruss konstat\u0113ts kopum\u0101 11 185 me\u017eac\u016bk\u0101m, tostarp 2014. gad\u0101 Latvij\u0101 \u0100CM tika konstat\u0113ts 217 me\u017eac\u016bk\u0101m, 2015. gad\u0101 &#8211; 1048, 2016. gad\u0101 &#8211; 1146, 2017. gad\u0101 &#8211; 1431, 2018. gad\u0101 &#8211; 905, 2019. gad\u0101 &#8211; 430, 2020. gad\u0101 &#8211; 377, 2021. gad\u0101 &#8211; 448, 2022. gad\u0101 &#8211; 1274 me\u017eac\u016bk\u0101m, 2023. gad\u0101 &#8211; 1002 me\u017eac\u016bk\u0101m, bet 2024. gad\u0101 &#8211; 1433 me\u017eac\u016bk\u0101m.<\/p>\n","protected":false},"excerpt":{"rendered":"Kop\u0161 2014. gada j\u016bnija, kad Latvij\u0101 pirmo reizi tika re\u0123istr\u0113ts \u0100CM, v\u012bruss konstat\u0113ts kopum\u0101 11 185 me\u017eac\u016bk\u0101m, tostarp&hellip;\n","protected":false},"author":2,"featured_media":91256,"comment_status":"","ping_status":"","sticky":false,"template":"","format":"standard","meta":{"footnotes":""},"categories":[12],"tags":[23,28,29,32,33,22,30,31,35,39,38,36,37,34,40,20,26,27,24,25,21],"class_list":{"0":"post-91255","1":"post","2":"type-post","3":"status-publish","4":"format-standard","5":"has-post-thumbnail","7":"category-latvija","8":"tag-aktualitates","9":"tag-breaking-news","10":"tag-breakingnews","11":"tag-featured-news","12":"tag-featurednews","13":"tag-headlines","14":"tag-latest-news","15":"tag-latestnews","16":"tag-latvia","17":"tag-latvian","18":"tag-latviesu","19":"tag-latviesu-valoda","20":"tag-latviesuvaloda","21":"tag-latvija","22":"tag-lv","23":"tag-news","24":"tag-popularakas-zinas","25":"tag-popularakaszinas","26":"tag-top-stories","27":"tag-topstories","28":"tag-zinas"},"share_on_mastodon":{"url":"https:\/\/pubeurope.com\/@lv\/115816645446549917","error":""},"_links":{"self":[{"href":"https:\/\/www.europesays.com\/lv\/wp-json\/wp\/v2\/posts\/91255","targetHints":{"allow":["GET"]}}],"collection":[{"href":"https:\/\/www.europesays.com\/lv\/wp-json\/wp\/v2\/posts"}],"about":[{"href":"https:\/\/www.europesays.com\/lv\/wp-json\/wp\/v2\/types\/post"}],"author":[{"embeddable":true,"href":"https:\/\/www.europesays.com\/lv\/wp-json\/wp\/v2\/users\/2"}],"replies":[{"embeddable":true,"href":"https:\/\/www.europesays.com\/lv\/wp-json\/wp\/v2\/comments?post=91255"}],"version-history":[{"count":0,"href":"https:\/\/www.europesays.com\/lv\/wp-json\/wp\/v2\/posts\/91255\/revisions"}],"wp:featuredmedia":[{"embeddable":true,"href":"https:\/\/www.europesays.com\/lv\/wp-json\/wp\/v2\/media\/91256"}],"wp:attachment":[{"href":"https:\/\/www.europesays.com\/lv\/wp-json\/wp\/v2\/media?parent=91255"}],"wp:term":[{"taxonomy":"category","embeddable":true,"href":"https:\/\/www.europesays.com\/lv\/wp-json\/wp\/v2\/categories?post=91255"},{"taxonomy":"post_tag","embeddable":true,"href":"https:\/\/www.europesays.com\/lv\/wp-json\/wp\/v2\/tags?post=91255"}],"curies":[{"name":"wp","href":"https:\/\/api.w.org\/{rel}","templated":true}]}}