{"id":91257,"date":"2025-12-31T23:00:24","date_gmt":"2025-12-31T23:00:24","guid":{"rendered":"https:\/\/www.europesays.com\/lv\/91257\/"},"modified":"2025-12-31T23:00:24","modified_gmt":"2025-12-31T23:00:24","slug":"bauskas-slimnica-pakapeniski-atjauno-terapijas-un-aprupes-nodalas-darbu-2","status":"publish","type":"post","link":"https:\/\/www.europesays.com\/lv\/91257\/","title":{"rendered":"Bauskas slimn\u012bc\u0101 pak\u0101peniski atjauno Terapijas un apr\u016bpes noda\u013cas darbu"},"content":{"rendered":"<p class=\"lead\">\n                                Pamatojoties uz sertific\u0113ta b\u016bvin\u017eeniera tehnisk\u0101s apseko\u0161anas atzinumu un ievie\u0161ot noteiktus pagaidu dro\u0161\u012bbas risin\u0101jumus, Bauskas slimn\u012bca pak\u0101peniski atjauno Terapijas un apr\u016bpes noda\u013cas darbu, inform\u0113ja \u0101rstniec\u012bbas iest\u0101d\u0113.\n                            <\/p>\n<p>Pirmdien slimn\u012bc\u0101 veikta stacion\u0101ra \u0113kas lab\u0101 sp\u0101rna otr\u0101 st\u0101va tehnisk\u0101 apseko\u0161ana, bet otrdien sa\u0146emts sertific\u0113ta b\u016bvin\u017eeniera atzinums. Taj\u0101 secin\u0101ts, ka konstat\u0113tie boj\u0101jumi ir lok\u0101li un ierobe\u017eot\u0101 zon\u0101, un, iev\u0113rojot pagaidu dro\u0161\u012bbas pas\u0101kumus, \u0113ku ir iesp\u0113jams turpin\u0101t ekspluat\u0113t l\u012bdz past\u0101v\u012bga tehnisk\u0101 risin\u0101juma izstr\u0101dei un ievie\u0161anai.<\/p>\n<p>Balstoties uz atzinumu, otrdien boj\u0101taj\u0101 zon\u0101 veikti neatliekami papildu dro\u0161\u012bbas pas\u0101kumi \u2014 in\u017eeniera nor\u0101d\u012btaj\u0101s viet\u0101s uzst\u0101d\u012btas papildu stutes. Vienlaikus no 1. decembra slimn\u012bc\u0101 tiek atcelta iepriek\u0161 izsludin\u0101t\u0101 \u0101rk\u0101rtas situ\u0101cija.<\/p>\n<p>Ar 31. decembri Terapijas un apr\u016bpes noda\u013c\u0101 tiek ats\u0101kta Neatliekam\u0101s medic\u012bnisk\u0101s pal\u012bdz\u012bbas dienesta pacientu stacion\u0113\u0161ana terapeitiskaj\u0101 profil\u0101, savuk\u0101rt no 2026. gada 2. janv\u0101ra paredz\u0113ts atjaunot hronisko apr\u016bpes pacientu pl\u0101nveida uz\u0146em\u0161anu.<\/p>\n<blockquote>\n<p>Dro\u0161\u012bbas apsv\u0113rumu d\u0113\u013c noda\u013c\u0101 gultu skaits samazin\u0101ts no 38 uz 30, k\u0101 ar\u012b viena in\u017eeniera nor\u0101d\u012bt\u0101 telpa noteikta k\u0101 neekspluat\u0113jama.<\/p>\n<\/blockquote>\n<p>Apseko\u0161anas m\u0113r\u0137is bija profesion\u0101li izv\u0113rt\u0113t boj\u0101jumu apm\u0113ru un to ietekmi uz \u0113kas meh\u0101nisko stipr\u012bbu un stabilit\u0101ti. Sertific\u0113tais b\u016bvin\u017eenieris secin\u0101jis, ka konkr\u0113taj\u0101 otr\u0101 st\u0101va p\u0101rseguma da\u013c\u0101 tehniskais st\u0101voklis v\u0113rt\u0113jams k\u0101 pirmsav\u0101rijas, ta\u010du boj\u0101jumi ir lok\u0101li un neietekm\u0113 p\u0101r\u0113j\u0101s \u0113kas konstrukcijas.<\/p>\n<p>Papildus izv\u0113rt\u0113ts ar\u012b pirm\u0101 st\u0101va p\u0101rsegums attiec\u012bgaj\u0101 zon\u0101, kur boj\u0101jumi vai deform\u0101cijas, kas rad\u012btu t\u016bl\u012bt\u0113ju apdraud\u0113jumu, nav konstat\u0113ti.<\/p>\n<p>2026. gada janv\u0101r\u012b pl\u0101nots apzin\u0101t izmaksas turpm\u0101ko atzinum\u0101 nor\u0101d\u012bto darbu veik\u0161anai. Saska\u0146\u0101 ar b\u016bvin\u017eeniera sniegto atzinumu past\u0101v\u012bg\u0101 tehnisk\u0101 risin\u0101juma izstr\u0101de un \u012bsteno\u0161ana paredz\u0113ta l\u012bdz 2026. gada 31. j\u016blijam k\u0101 \u012bstermi\u0146a veicamie darbi. Vienlaikus slimn\u012bca nor\u0101da uz nepiecie\u0161am\u012bbu rast finansi\u0101lus risin\u0101jumus \u0113kas turpm\u0101kai atjauno\u0161anai un renov\u0101cijai, lai ilgtermi\u0146\u0101 nodro\u0161in\u0101tu stacion\u0101ra darb\u012bbu un pakalpojumu pieejam\u012bbu.<\/p>\n<p>Bauskas slimn\u012bc\u0101 uzsver, ka sa\u0146emtais atzinums apliecina l\u012bdz\u0161in\u0113jo l\u0113mumu pamatot\u012bbu r\u012bkoties prevent\u012bvi, savlaic\u012bgi ierobe\u017eojot piek\u013cuvi boj\u0101tajai zonai un \u012bstenojot dro\u0161\u012bbas pas\u0101kumus pacientu un darbinieku aizsardz\u012bbai.<\/p>\n<p> Aptauja <\/p>\n<p> K\u0101da bijusi j\u016bsu vai j\u016bsu tuvinieku pieredze ar slimn\u012bc\u0101m \u0101rpus R\u012bgas? <\/p>\n<p class=\"paragraph-muted\">Izv\u0113lies savu soct\u012bklu platformu, lai sekotu LASI.LV: <a href=\"https:\/\/www.facebook.com\/portals.lasi.lv\" target=\"_blank\" rel=\"noopener noreferrer nofollow\">Facebook<\/a>, <a href=\"https:\/\/twitter.com\/lasilvportals\" target=\"_blank\" rel=\"noopener noreferrer nofollow\">X<\/a>, <a href=\"https:\/\/bsky.app\/profile\/lasilv.bsky.social\" target=\"_blank\" rel=\"noopener noreferrer nofollow\">Bluesky<\/a>, <a href=\"https:\/\/www.draugiem.lv\/lasilv\/?pg=4\" target=\"_blank\" rel=\"noopener noreferrer nofollow\">Draugiem<\/a>, <a href=\"https:\/\/www.threads.com\/@lasilv_zinas\" rel=\"nofollow noopener\" target=\"_blank\">Threads<\/a> vai ar\u012b <a href=\"https:\/\/www.instagram.com\/lasilv_zinas\/\" target=\"_blank\" rel=\"noopener noreferrer nofollow\">Instagram<\/a>. Pievienojies m\u016bsu las\u012bt\u0101ju pulkam, lai sa\u0146emtu \u012bpa\u0161i tev atlas\u012btu noder\u012bgu, praktisku un aktu\u0101lu saturu.\u00a0<\/p>\n<p style=\"margin-left:auto;\">Pieraksties LASI.LV redaktora v\u0113stkopai <a href=\"https:\/\/lasi.lv\/vestkopa\/lasi-lv-galvena-redaktora-vestkopa\" rel=\"nofollow noopener\" target=\"_blank\">\u0161eit<\/a>.<\/p>\n<p>Pieraksties v\u0113stkopai un divas reizes ned\u0113\u013c\u0101 sa\u0146em padzi\u013cin\u0101tu LASI.LV galven\u0101 redaktora aktu\u0101lo zi\u0146u, kompetentu viedok\u013cu un interesant\u0101ko interviju apkopojumu.<\/p>\n<p>Ko tu sa\u0146emsi:<\/p>\n<ul>\n<li>Daudzveid\u012bgus koment\u0101rus un kompetentus Latvijas Mediju \u017eurn\u0101listu un autoru viedok\u013cus par aktu\u0101lo<\/li>\n<li>Ekspertu koment\u0101rus par da\u017e\u0101diem praktiskiem, noder\u012bgiem tematiem<\/li>\n<li>Aizraujo\u0161us materi\u0101lus par v\u0113sturi, psiholo\u0123iju, kult\u016bru<\/li>\n<li>Gata \u0160\u013c\u016bkas karikat\u016bru<\/li>\n<li>Tav\u0101 e-pasta kast\u012bt\u0113 katru ceturtdienu<\/li>\n<\/ul>\n<p style=\"margin-left:auto;\">\u00a0<\/p>\n<p><script async src=\"https:\/\/platform.twitter.com\/widgets.js\" charset=\"utf-8\"><\/script><script async src=\"\/\/www.instagram.com\/embed.js\"><\/script><\/p>\n","protected":false},"excerpt":{"rendered":"Pamatojoties uz sertific\u0113ta b\u016bvin\u017eeniera tehnisk\u0101s apseko\u0161anas atzinumu un ievie\u0161ot noteiktus pagaidu dro\u0161\u012bbas risin\u0101jumus, Bauskas slimn\u012bca pak\u0101peniski atjauno Terapijas&hellip;\n","protected":false},"author":2,"featured_media":90279,"comment_status":"","ping_status":"","sticky":false,"template":"","format":"standard","meta":{"footnotes":""},"categories":[12],"tags":[23,28,29,32,33,22,30,31,35,39,38,36,37,34,40,20,26,27,24,25,21],"class_list":{"0":"post-91257","1":"post","2":"type-post","3":"status-publish","4":"format-standard","5":"has-post-thumbnail","7":"category-latvija","8":"tag-aktualitates","9":"tag-breaking-news","10":"tag-breakingnews","11":"tag-featured-news","12":"tag-featurednews","13":"tag-headlines","14":"tag-latest-news","15":"tag-latestnews","16":"tag-latvia","17":"tag-latvian","18":"tag-latviesu","19":"tag-latviesu-valoda","20":"tag-latviesuvaloda","21":"tag-latvija","22":"tag-lv","23":"tag-news","24":"tag-popularakas-zinas","25":"tag-popularakaszinas","26":"tag-top-stories","27":"tag-topstories","28":"tag-zinas"},"share_on_mastodon":{"url":"https:\/\/pubeurope.com\/@lv\/115816669025588140","error":""},"_links":{"self":[{"href":"https:\/\/www.europesays.com\/lv\/wp-json\/wp\/v2\/posts\/91257","targetHints":{"allow":["GET"]}}],"collection":[{"href":"https:\/\/www.europesays.com\/lv\/wp-json\/wp\/v2\/posts"}],"about":[{"href":"https:\/\/www.europesays.com\/lv\/wp-json\/wp\/v2\/types\/post"}],"author":[{"embeddable":true,"href":"https:\/\/www.europesays.com\/lv\/wp-json\/wp\/v2\/users\/2"}],"replies":[{"embeddable":true,"href":"https:\/\/www.europesays.com\/lv\/wp-json\/wp\/v2\/comments?post=91257"}],"version-history":[{"count":0,"href":"https:\/\/www.europesays.com\/lv\/wp-json\/wp\/v2\/posts\/91257\/revisions"}],"wp:featuredmedia":[{"embeddable":true,"href":"https:\/\/www.europesays.com\/lv\/wp-json\/wp\/v2\/media\/90279"}],"wp:attachment":[{"href":"https:\/\/www.europesays.com\/lv\/wp-json\/wp\/v2\/media?parent=91257"}],"wp:term":[{"taxonomy":"category","embeddable":true,"href":"https:\/\/www.europesays.com\/lv\/wp-json\/wp\/v2\/categories?post=91257"},{"taxonomy":"post_tag","embeddable":true,"href":"https:\/\/www.europesays.com\/lv\/wp-json\/wp\/v2\/tags?post=91257"}],"curies":[{"name":"wp","href":"https:\/\/api.w.org\/{rel}","templated":true}]}}