{"id":91264,"date":"2025-12-31T23:14:12","date_gmt":"2025-12-31T23:14:12","guid":{"rendered":"https:\/\/www.europesays.com\/lv\/91264\/"},"modified":"2025-12-31T23:14:12","modified_gmt":"2025-12-31T23:14:12","slug":"pugacovas-klanam-prieksa-jauns-gruts-gads","status":"publish","type":"post","link":"https:\/\/www.europesays.com\/lv\/91264\/","title":{"rendered":"Puga\u010dovas klanam priek\u0161\u0101 jauns gr\u016bts gads"},"content":{"rendered":"\n<ol start=\"2025\">\n<li>gads Allas Puga\u010dovas \u0123imenei gal\u012bgi apraka cer\u012bbas uz nodro\u0161in\u0101tu n\u0101kotni. B\u0113g\u0161ana no dzimtenes, tautas dusmas, neveiksmes \u0101rzem\u0113s un komponista Igora Krutoja aizliegums vi\u0146ai dzied\u0101t vi\u0146a dziesmas \u2014 k\u0101dus triecienus sa\u0146\u0113ma klans \u0161aj\u0101 laik\u0101?<\/li>\n<\/ol>\n<p>Vi\u0146ai un vi\u0146as \u0123imenei p\u0113d\u0113jie gadi ir biju\u0161i past\u0101v\u012bgu un lielu zaud\u0113jumu laiks \u2014 gan reput\u0101cijas, gan finansi\u0101laj\u0101 jom\u0101.<\/p>\n<p><img decoding=\"async\" src=\"https:\/\/www.europesays.com\/lv\/wp-content\/uploads\/2025\/12\/p2.png\" alt=\"p2.png\"\/><\/p>\n<p>Bet \u0161ogad viens no vi\u0146as tuv\u0101kajiem draugiem, pateicoties kuram Puga\u010dova peln\u012bja un plauka, \u2014 komponists un producents Igors Krutojs \u2014 att\u0101lin\u0101j\u0101s no vi\u0146as.<\/p>\n<p>Biju\u0161\u0101s primadonnas vec\u0101k\u0101 meita \u2014 Krist\u012bna Orbakaite \u2014 aizbrauca uz ASV, kur vi\u0146ai ir jauns v\u012brs, d\u0101rgs nekustamais \u012bpa\u0161ums un nav nek\u0101du izred\u017eu nopeln\u012bt un turpin\u0101t rado\u0161u karjeru. To apliecina puspilnas un tuk\u0161as z\u0101les Amerikas pils\u0113t\u0101s, kur\u0101s dzied\u0101t\u0101ja uzst\u0101j\u0101s.<\/p>\n<p>L\u012bdz nesenam laikam Orbakaiti tas daudz netrauc\u0113ja, jo galvenos ien\u0101kumus vi\u0146ai deva Krievija, kuru vi\u0146a bija atst\u0101jusi, un krieviski run\u0101jo\u0161\u0101 postpadomju telpa. Tom\u0113r pag\u0101ju\u0161aj\u0101 gad\u0101 Krievijas koncertturneja mantiniecei beidz\u0101s gandr\u012bz nekav\u0113joties: vi\u0146u izsvilpa pirmaj\u0101 uzst\u0101\u0161an\u0101s reiz\u0113 Sanktp\u0113terburg\u0101, p\u0113c tam izsv\u012btroja no m\u0101kslinieku saraksta sv\u0113tku koncert\u0101 Krem\u013ca pas\u0101kum\u0101, un p\u0113c tam tika atcelti ar\u012b pas\u0101kumi cit\u0101s Krievijas pils\u0113t\u0101s.<\/p>\n<p><img decoding=\"async\" src=\"https:\/\/www.europesays.com\/lv\/wp-content\/uploads\/2025\/12\/p3.png\" alt=\"p3.png\"\/><\/p>\n<p>P\u0113c \u0161\u012bs neveiksmes Orbakaite pat no ASV publiski atvad\u012bj\u0101s no dzimtenes, pazi\u0146ojot, ka k\u0101dreiz atgriez\u012bsies tur n\u0101kamaj\u0101 dz\u012bv\u0113. Un tad pien\u0101ca jaunas nepatik\u0161anas: 2025. gad\u0101 vi\u0146ai aizliedza iebraukt Latvij\u0101, bet vi\u0146as dzimtaj\u0101 Lietuv\u0101 atce\u013c koncertus. Turienes varas iest\u0101des p\u0113k\u0161\u0146i s\u0101ka uzdot jaut\u0101jumu, kur\u0101 pus\u0113 dzied\u0101t\u0101ja ir \u2014 Rietumu vai Krievijas?<\/p>\n<p>Turkl\u0101t Baltijas valstis ir bijusi Puga\u010dovas \u0123imenes tradicion\u0101la peln\u012b\u0161anas vieta. P\u0113d\u0113jos gados vi\u0146iem \u0161eit ir visloj\u0101l\u0101kais un pateic\u012bg\u0101kais skat\u012bt\u0101js.<\/p>\n<p>Visbriesm\u012bg\u0101kais, kas, \u0161\u0137iet, notika ar Orbakaiti \u0161ovasar: tas, kur\u0161 k\u0101dreiz vi\u0146u sauca par &#8220;meiti\u0146u&#8221;, ilggad\u0113jais Puga\u010dovas draugs un domubiedrs \u2014 komponists un producents Igors Krutojs \u2014 negaid\u012bti aizliedza Krist\u012bnai Orbakaitei dzied\u0101t vi\u0146a dziesmas.<\/p>\n<p>Tas ir \u0101rk\u0101rt\u012bgi s\u0101p\u012bgs trieciens. Dzied\u0101t\u0101jas repertu\u0101rs liel\u0101 m\u0113r\u0101 sast\u0101v tie\u0161i no vi\u0146a hitiem \u2014 un to neesam\u012bba koncertprogramm\u0101 noz\u012bm\u0113 b\u016btisku triecienu biju\u0161\u0101s primadonnas meitas karjerai, faktiski at\u0146emot vi\u0146ai ien\u0101kumus no \u0101rzemju koncertturnej\u0101m.<\/p>\n<p>Par to, ka situ\u0101cija patie\u0161\u0101m ir smaga, liecina nikna \u00ab\u0420\u0443\u0441\u0441\u043a\u043e\u0439 \u043c\u0435\u0434\u0438\u0430\u0433\u0440\u0443\u043f\u043f\u044b\u00bb prezidenta, balvas \u00abZelta gramofons\u00bb organiz\u0113t\u0101ja un daudzus gadus Puga\u010dovas aizst\u0101vja Vladimira Kise\u013cova replika.<\/p>\n<p>\u00abKrutoja kungs pazi\u0146oja, ka at\u0146em dziesmas Orbakaitei. Ac\u012bmredzot Alla Borisovna pateica kaut ko ne t\u0101. Tas ir piln\u012bgi nev\u012bri\u0161\u0137\u012bgi,\u00bb pazi\u0146oja Vladimirs Kise\u013covs.<\/p>\n<p>Starp citu, par to, ka Puga\u010dovas p\u0113cn\u0101c\u0113jiem kl\u0101jas ne visai labi, netie\u0161i liecina ar\u012b situ\u0101cija ar vi\u0146as mazd\u0113lu \u2014 34 gadus veco Nikitu Pres\u0146akovu, kur\u0161 dz\u012bvo ASV.<\/p>\n<p><img decoding=\"async\" src=\"https:\/\/www.europesays.com\/lv\/wp-content\/uploads\/2025\/12\/p4.png\" alt=\"p4.png\"\/><\/p>\n<p>Nesen vi\u0146a t\u0113vs un Orbakaites pirmais v\u012brs Vladimirs Pres\u0146akovs pazi\u0146oja, ka d\u0113ls dr\u012bz atgriez\u012bsies Krievij\u0101. Negaid\u012bts pazi\u0146ojums, jo v\u0113l nesen Pres\u0146akovs jaun\u0101kais m\u0113\u0123in\u0101ja (ta\u010du nesekm\u012bgi) p\u0101rdot villu Istr\u0101, ko vi\u0146am bija atst\u0101jusi vecm\u0101mi\u0146a.<\/p>\n","protected":false},"excerpt":{"rendered":"gads Allas Puga\u010dovas \u0123imenei gal\u012bgi apraka cer\u012bbas uz nodro\u0161in\u0101tu n\u0101kotni. B\u0113g\u0161ana no dzimtenes, tautas dusmas, neveiksmes \u0101rzem\u0113s un&hellip;\n","protected":false},"author":2,"featured_media":91265,"comment_status":"","ping_status":"","sticky":false,"template":"","format":"standard","meta":{"footnotes":""},"categories":[19],"tags":[89,90,35,39,38,36,37,34,40],"class_list":{"0":"post-91264","1":"post","2":"type-post","3":"status-publish","4":"format-standard","5":"has-post-thumbnail","7":"category-izklaide","8":"tag-entertainment","9":"tag-izklaide","10":"tag-latvia","11":"tag-latvian","12":"tag-latviesu","13":"tag-latviesu-valoda","14":"tag-latviesuvaloda","15":"tag-latvija","16":"tag-lv"},"share_on_mastodon":{"url":"https:\/\/pubeurope.com\/@lv\/115816724404215528","error":""},"_links":{"self":[{"href":"https:\/\/www.europesays.com\/lv\/wp-json\/wp\/v2\/posts\/91264","targetHints":{"allow":["GET"]}}],"collection":[{"href":"https:\/\/www.europesays.com\/lv\/wp-json\/wp\/v2\/posts"}],"about":[{"href":"https:\/\/www.europesays.com\/lv\/wp-json\/wp\/v2\/types\/post"}],"author":[{"embeddable":true,"href":"https:\/\/www.europesays.com\/lv\/wp-json\/wp\/v2\/users\/2"}],"replies":[{"embeddable":true,"href":"https:\/\/www.europesays.com\/lv\/wp-json\/wp\/v2\/comments?post=91264"}],"version-history":[{"count":0,"href":"https:\/\/www.europesays.com\/lv\/wp-json\/wp\/v2\/posts\/91264\/revisions"}],"wp:featuredmedia":[{"embeddable":true,"href":"https:\/\/www.europesays.com\/lv\/wp-json\/wp\/v2\/media\/91265"}],"wp:attachment":[{"href":"https:\/\/www.europesays.com\/lv\/wp-json\/wp\/v2\/media?parent=91264"}],"wp:term":[{"taxonomy":"category","embeddable":true,"href":"https:\/\/www.europesays.com\/lv\/wp-json\/wp\/v2\/categories?post=91264"},{"taxonomy":"post_tag","embeddable":true,"href":"https:\/\/www.europesays.com\/lv\/wp-json\/wp\/v2\/tags?post=91264"}],"curies":[{"name":"wp","href":"https:\/\/api.w.org\/{rel}","templated":true}]}}