{"id":91268,"date":"2025-12-31T23:18:07","date_gmt":"2025-12-31T23:18:07","guid":{"rendered":"https:\/\/www.europesays.com\/lv\/91268\/"},"modified":"2025-12-31T23:18:07","modified_gmt":"2025-12-31T23:18:07","slug":"zimju-valoda-gada-notikumu-apskats-2025-ieraksts-replay-lv","status":"publish","type":"post","link":"https:\/\/www.europesays.com\/lv\/91268\/","title":{"rendered":"Z\u012bmju valod\u0101. Gada notikumu apskats 2025 \/ Ieraksts \/ REplay.lv"},"content":{"rendered":"<p>K\u0101di bija \u0161\u0101 gada svar\u012bg\u0101kie jaut\u0101jumi, uz kuriem mekl\u0113j\u0101m atbildes? Un uz k\u0101diem jaut\u0101jumiem atbildes l\u016bkosim g\u016bt 2026. gad\u0101? LTV Zi\u0146u dienests uz 2025. gada svar\u012bg\u0101kajiem notikumiem atskat\u0101s kop\u0101 ar tiem cilv\u0113kiem, kuri pa\u0161i non\u0101ku\u0161i zi\u0146u virsrakstos.<\/p>\n<p>Raid\u012bjuma &#8220;\u0160odienas jaut\u0101jums&#8221; vad\u012bt\u0101ja Anete B\u0113rtule dodas pie m\u016bsu l\u012bdzcilv\u0113kiem, kuri 2025. gad\u0101 iedvesmoja, rosin\u0101ja iest\u0101ties par sav\u0101m un citu ties\u012bb\u0101m, main\u012bja ies\u012bkst\u0113ju\u0161\u0101s politisk\u0101s para\u017eas un mudin\u0101ja iztaisnot mugurkaulu, sp\u012bt\u0113jot \u0123eopolitisko p\u0101rmai\u0146u v\u0113jiem. Bet Zi\u0146u dienesta \u017eurn\u0101listi p\u0101rcil\u0101 aizejo\u0161\u0101 gada svar\u012bg\u0101k\u0101s norises Latvij\u0101 un pasaul\u0113.\u00a0<\/p>\n","protected":false},"excerpt":{"rendered":"K\u0101di bija \u0161\u0101 gada svar\u012bg\u0101kie jaut\u0101jumi, uz kuriem mekl\u0113j\u0101m atbildes? Un uz k\u0101diem jaut\u0101jumiem atbildes l\u016bkosim g\u016bt 2026.&hellip;\n","protected":false},"author":2,"featured_media":91269,"comment_status":"","ping_status":"","sticky":false,"template":"","format":"standard","meta":{"footnotes":""},"categories":[12],"tags":[23,28,29,32,33,22,30,31,35,39,38,36,37,34,40,20,26,27,24,25,21],"class_list":{"0":"post-91268","1":"post","2":"type-post","3":"status-publish","4":"format-standard","5":"has-post-thumbnail","7":"category-latvija","8":"tag-aktualitates","9":"tag-breaking-news","10":"tag-breakingnews","11":"tag-featured-news","12":"tag-featurednews","13":"tag-headlines","14":"tag-latest-news","15":"tag-latestnews","16":"tag-latvia","17":"tag-latvian","18":"tag-latviesu","19":"tag-latviesu-valoda","20":"tag-latviesuvaloda","21":"tag-latvija","22":"tag-lv","23":"tag-news","24":"tag-popularakas-zinas","25":"tag-popularakaszinas","26":"tag-top-stories","27":"tag-topstories","28":"tag-zinas"},"share_on_mastodon":{"url":"https:\/\/pubeurope.com\/@lv\/115816739898185926","error":""},"_links":{"self":[{"href":"https:\/\/www.europesays.com\/lv\/wp-json\/wp\/v2\/posts\/91268","targetHints":{"allow":["GET"]}}],"collection":[{"href":"https:\/\/www.europesays.com\/lv\/wp-json\/wp\/v2\/posts"}],"about":[{"href":"https:\/\/www.europesays.com\/lv\/wp-json\/wp\/v2\/types\/post"}],"author":[{"embeddable":true,"href":"https:\/\/www.europesays.com\/lv\/wp-json\/wp\/v2\/users\/2"}],"replies":[{"embeddable":true,"href":"https:\/\/www.europesays.com\/lv\/wp-json\/wp\/v2\/comments?post=91268"}],"version-history":[{"count":0,"href":"https:\/\/www.europesays.com\/lv\/wp-json\/wp\/v2\/posts\/91268\/revisions"}],"wp:featuredmedia":[{"embeddable":true,"href":"https:\/\/www.europesays.com\/lv\/wp-json\/wp\/v2\/media\/91269"}],"wp:attachment":[{"href":"https:\/\/www.europesays.com\/lv\/wp-json\/wp\/v2\/media?parent=91268"}],"wp:term":[{"taxonomy":"category","embeddable":true,"href":"https:\/\/www.europesays.com\/lv\/wp-json\/wp\/v2\/categories?post=91268"},{"taxonomy":"post_tag","embeddable":true,"href":"https:\/\/www.europesays.com\/lv\/wp-json\/wp\/v2\/tags?post=91268"}],"curies":[{"name":"wp","href":"https:\/\/api.w.org\/{rel}","templated":true}]}}