{"id":9127,"date":"2025-09-30T20:12:10","date_gmt":"2025-09-30T20:12:10","guid":{"rendered":"https:\/\/www.europesays.com\/lv\/9127\/"},"modified":"2025-09-30T20:12:10","modified_gmt":"2025-09-30T20:12:10","slug":"vardarbiba-gimene-ir-butisks-cilvektiesibu-parkapums","status":"publish","type":"post","link":"https:\/\/www.europesays.com\/lv\/9127\/","title":{"rendered":"Vardarb\u012bba \u0123imen\u0113 ir b\u016btisks cilv\u0113kties\u012bbu p\u0101rk\u0101pums"},"content":{"rendered":"<p>K\u0101 v\u0113st\u012bts, pateicoties valdo\u0161aj\u0101 koal\u012bcij\u0101 ietilpsto\u0161\u0101s Za\u013co un zemnieku savien\u012bbas (ZZS) atbalstam, Saeima 25.septembr\u012b v\u0113rt\u0113\u0161anai \u0100rlietu komisij\u0101 nodeva opoz\u012bcijas deput\u0101tu ieceri denons\u0113t t\u0101 saukto Stambulas konvenciju, kas noz\u012bm\u0113tu izst\u0101\u0161anos no t\u0101s.<\/p>\n<p>Par likumprojekta nodo\u0161anu komisijai nobalsoja 55 deput\u0101ti, pret balsoja 33 parlament\u0101rie\u0161i. Koal\u012bcijas deput\u0101ti no &#8220;Jaun\u0101s vienot\u012bbas&#8221; un &#8220;Progres\u012bvajiem&#8221; balsoja pret likumprojektu, bet par balsoja deput\u0101ti no ZZS.<\/p>\n<p>Koal\u012bcijas partneri pazi\u0146oja, ka ZZS balsojums parlament\u0101 ir koal\u012bcijas l\u012bguma p\u0101rk\u0101pums un pirmdien ZZS p\u0101rst\u0101vji pie Sili\u0146as tikai uzaicin\u0101ti, lai sniegtu paskaidrojumus.<\/p>\n<p>ZZS apgalvo, ka main\u012bjusi attieksmi pret konvenciju, jo esot tikusi p\u0101rk\u0101pta tai pievienot\u0101 deklar\u0101cija, piem\u0113ram, Kult\u016bras un Izgl\u012bt\u012bbas un zin\u0101tnes ministrijas populariz\u0113jot dzimtes ideolo\u0123iju, kas neatbilstot deklar\u0101cij\u0101 noteiktajai izpratnei par dzimumu &#8211; tikai v\u012brietis un sieviete. ZZS p\u0101rst\u0101vji ne pazi\u0146ojum\u0101, ne p\u0113c\u0101k intervij\u0101s gan t\u0101 ar\u012b nav preciz\u0113ju\u0161i, tie\u0161i kur, kad un k\u0101 abas ministrijas b\u016btu populariz\u0113ju\u0161as dzimtes ideolo\u0123iju.<\/p>\n<p>Ministru prezidente Evika Sili\u0146a (JV) ir uzdevusi ZZS p\u0101rst\u0101vo\u0161ajam labkl\u0101j\u012bbas ministram Reinim Uzulniekam skaidrot, ko Labkl\u0101j\u012bbas ministrija (LM) paveikusi, lai \u012bstenotu Stambulas konvencijas ap\u0146em\u0161an\u0101s vardarb\u012bbas mazin\u0101\u0161anai. Premjeres rezol\u016bcij\u0101 Uzulniekam teikts, ka vi\u0146am paveiktais j\u0101skaidro Saeimas komisij\u0101s, k\u0101 ar\u012b n\u0101kam\u0101s ned\u0113\u013cas vald\u012bbas s\u0113d\u0113 7.oktobr\u012b.<\/p>\n<p>Premjere nor\u0101da, ka LM bija konvencijas virz\u012bt\u0101ja un ir vardarb\u012bbas pret sieviet\u0113m un b\u0113rniem nov\u0113r\u0161anas pl\u0101na koordin\u0113t\u0101ja un izpild\u012bt\u0101ja.<\/p>\n","protected":false},"excerpt":{"rendered":"K\u0101 v\u0113st\u012bts, pateicoties valdo\u0161aj\u0101 koal\u012bcij\u0101 ietilpsto\u0161\u0101s Za\u013co un zemnieku savien\u012bbas (ZZS) atbalstam, Saeima 25.septembr\u012b v\u0113rt\u0113\u0161anai \u0100rlietu komisij\u0101 nodeva&hellip;\n","protected":false},"author":2,"featured_media":9128,"comment_status":"","ping_status":"","sticky":false,"template":"","format":"standard","meta":{"footnotes":""},"categories":[5],"tags":[23,28,29,32,33,22,534,30,31,35,39,38,36,37,34,40,20,26,27,2756,139,24,25,21],"class_list":{"0":"post-9127","1":"post","2":"type-post","3":"status-publish","4":"format-standard","5":"has-post-thumbnail","7":"category-aktualitates","8":"tag-aktualitates","9":"tag-breaking-news","10":"tag-breakingnews","11":"tag-featured-news","12":"tag-featurednews","13":"tag-headlines","14":"tag-karina-palkova","15":"tag-latest-news","16":"tag-latestnews","17":"tag-latvia","18":"tag-latvian","19":"tag-latviesu","20":"tag-latviesu-valoda","21":"tag-latviesuvaloda","22":"tag-latvija","23":"tag-lv","24":"tag-news","25":"tag-popularakas-zinas","26":"tag-popularakaszinas","27":"tag-tiesibsarga-birojs","28":"tag-tiesibsargs","29":"tag-top-stories","30":"tag-topstories","31":"tag-zinas"},"share_on_mastodon":{"url":"","error":""},"_links":{"self":[{"href":"https:\/\/www.europesays.com\/lv\/wp-json\/wp\/v2\/posts\/9127","targetHints":{"allow":["GET"]}}],"collection":[{"href":"https:\/\/www.europesays.com\/lv\/wp-json\/wp\/v2\/posts"}],"about":[{"href":"https:\/\/www.europesays.com\/lv\/wp-json\/wp\/v2\/types\/post"}],"author":[{"embeddable":true,"href":"https:\/\/www.europesays.com\/lv\/wp-json\/wp\/v2\/users\/2"}],"replies":[{"embeddable":true,"href":"https:\/\/www.europesays.com\/lv\/wp-json\/wp\/v2\/comments?post=9127"}],"version-history":[{"count":0,"href":"https:\/\/www.europesays.com\/lv\/wp-json\/wp\/v2\/posts\/9127\/revisions"}],"wp:featuredmedia":[{"embeddable":true,"href":"https:\/\/www.europesays.com\/lv\/wp-json\/wp\/v2\/media\/9128"}],"wp:attachment":[{"href":"https:\/\/www.europesays.com\/lv\/wp-json\/wp\/v2\/media?parent=9127"}],"wp:term":[{"taxonomy":"category","embeddable":true,"href":"https:\/\/www.europesays.com\/lv\/wp-json\/wp\/v2\/categories?post=9127"},{"taxonomy":"post_tag","embeddable":true,"href":"https:\/\/www.europesays.com\/lv\/wp-json\/wp\/v2\/tags?post=9127"}],"curies":[{"name":"wp","href":"https:\/\/api.w.org\/{rel}","templated":true}]}}