{"id":91270,"date":"2025-12-31T23:19:08","date_gmt":"2025-12-31T23:19:08","guid":{"rendered":"https:\/\/www.europesays.com\/lv\/91270\/"},"modified":"2025-12-31T23:19:08","modified_gmt":"2025-12-31T23:19:08","slug":"valsts-prezidents-rinkevics-gadumijas-uzruna-aicina-katru-but-atbildigam-un-nepalikt-vienaldzigam-jauns-lv","status":"publish","type":"post","link":"https:\/\/www.europesays.com\/lv\/91270\/","title":{"rendered":"Valsts prezidents Rink\u0113vi\u010ds gadumijas uzrun\u0101 aicina katru b\u016bt atbild\u012bgam un nepalikt vienaldz\u012bgam &#8211; Jauns.lv"},"content":{"rendered":"<ol>\n<li><a href=\"https:\/\/news.google.com\/rss\/articles\/CBMizwFBVV95cUxObWJGdklqTUs3YWVCc3M2VWpLV0NnallTWVlmVlE2MXRVcVpTazVOT0tkXzl3UnZTSVRYcDJUVDYxMmRnTEJqaF9KV3J1S3E4UDF1ZkdtZUstblprWFQxR0taN1dPQkVGTUlIZWp4VmtkX0xzRGR4UGVtTWpUaUJ0bG5pYVNpWlV4WE1oY3kyc2lWa3I1TlFCNDNGTXo1TFNsbnlUY21yT08xREY3RGRNSWUtWG8wUHdTQ3lBNjBKQXJkV1lNX25jeDdfMFpmN2M?oc=5\" target=\"_blank\" rel=\"nofollow noopener\">Valsts prezidents Rink\u0113vi\u010ds gadumijas uzrun\u0101 aicina katru b\u016bt atbild\u012bgam un nepalikt vienaldz\u012bgam<\/a>&nbsp;&nbsp;Jauns.lv<\/li>\n<li><a href=\"https:\/\/news.google.com\/rss\/articles\/CBMi0AFBVV95cUxQR3BOSVd0d0QyemJPMEtMdDRyUklvR2xuLS1KVUFZVjRYNFlmRzdTX2tMRUozMURtaE1vdU95QzRJNEZORUJFcGg5anppTHJoWkVxY0ExMHgxZ2J0dktGRFZPNU1BUHJza0IxVVRCMHMwTTNFN0Z3SWRKdC16UU5RWkU2V0VkSkhQNXQxWU1xQndDdWYzSEQ0cjNUU2JjdmZ0dTZjcjFETzJMbTJxLXRFa1Q5TUhNTG1JeXdzRmhzd283MzN4VTZoUE9KUjJFVXpG?oc=5\" target=\"_blank\" rel=\"nofollow noopener\">Rink\u0113vi\u010ds Jaunaj\u0101 gad\u0101 aicina b\u016bt godpr\u0101t\u012bgiem, atbild\u012bgiem un izpal\u012bdz\u012bgiem \/ Raksts<\/a>&nbsp;&nbsp;LSM<\/li>\n<li><a href=\"https:\/\/news.google.com\/rss\/articles\/CBMioAFBVV95cUxQbGF3ZmpIQU5QWHg2NEhlcFRBNTJpX25EUzZlS2t6SlRlYUNVME1TelloUkJTQW94bkVMeTFYMUFNSEZBWXZVNlp2TEoyZ2FuejNlLTk2UjVGbjhYQTFRZ01xdlBTc1hKUHkxVDVscXNLbUhtaWlEeXdqLVFwanJMNi1OMm5qRGRIT0pMVmg2WjF1QXMxTDRuMm9WQ295QkVk?oc=5\" target=\"_blank\" rel=\"nofollow noopener\">Valsts prezidents: T\u0101pat k\u0101 ar R\u012bgu, ar\u012b ar valsts dro\u0161\u012bbu m\u0113s nekad neb\u016bsim gatavi<\/a>&nbsp;&nbsp;LA.LV<\/li>\n<li><a href=\"https:\/\/news.google.com\/rss\/articles\/CBMirgFBVV95cUxPemt4MkU4VTlUWkZzSzZueDRnbjU5VnR0b3FhUFhxTHdQWHNlcjJOZkVyM254Qm1vMHE4VFlYN1Bldmd4RzVyWHVFZkw4MW9lQ1JNbDRvVUFEby1Rcmc2ZHFuQXI1Vm5oeVU0X044VWlvZzJVcnUzZjk2c3N6UHgyeXdRcnhvcXNVem9CLVQzY1NxLXNXSGRIVTdPRkd6WU5BLTR1enRveUtEQWdMMVE?oc=5\" target=\"_blank\" rel=\"nofollow noopener\">S\u0101ksim un dar\u012bsim savu darbu jau t\u016bli\u0146, gadumij\u0101 skubina Rink\u0113vi\u010ds<\/a>&nbsp;&nbsp;Delfi<\/li>\n<li><a href=\"https:\/\/news.google.com\/rss\/articles\/CBMikAFBVV95cUxNTThUQ1VQeE1iVm92VFVid2VVMnV5aEhXM1NxbkZZOTl2cXlfejhUZmR4MXZBZGhXb1dTVjF6clN5MjY3ZWp6dmtFWG4tZURiamx6aUk1MnRmd1RraWNGUDhvMGFhcUQ1MnlnZkhKWVVPVnpPSm5IWU5UQ2dlRXByN3RDQklGWUY5Zm1VTjRyLUk?oc=5\" target=\"_blank\" rel=\"nofollow noopener\">Gada debija politik\u0101. Par tiem, kas m\u0113\u0123in\u0101ja, bet nesan\u0101ca<\/a>&nbsp;&nbsp;Pietiek.com<\/li>\n<\/ol>\n","protected":false},"excerpt":{"rendered":"Valsts prezidents Rink\u0113vi\u010ds gadumijas uzrun\u0101 aicina katru b\u016bt atbild\u012bgam un nepalikt vienaldz\u012bgam&nbsp;&nbsp;Jauns.lv Rink\u0113vi\u010ds Jaunaj\u0101 gad\u0101 aicina b\u016bt godpr\u0101t\u012bgiem,&hellip;\n","protected":false},"author":2,"featured_media":91271,"comment_status":"","ping_status":"","sticky":false,"template":"","format":"standard","meta":{"footnotes":""},"categories":[5],"tags":[23,28,29,32,33,22,30,31,35,39,38,36,37,34,40,20,26,27,24,25,21],"class_list":{"0":"post-91270","1":"post","2":"type-post","3":"status-publish","4":"format-standard","5":"has-post-thumbnail","7":"category-aktualitates","8":"tag-aktualitates","9":"tag-breaking-news","10":"tag-breakingnews","11":"tag-featured-news","12":"tag-featurednews","13":"tag-headlines","14":"tag-latest-news","15":"tag-latestnews","16":"tag-latvia","17":"tag-latvian","18":"tag-latviesu","19":"tag-latviesu-valoda","20":"tag-latviesuvaloda","21":"tag-latvija","22":"tag-lv","23":"tag-news","24":"tag-popularakas-zinas","25":"tag-popularakaszinas","26":"tag-top-stories","27":"tag-topstories","28":"tag-zinas"},"share_on_mastodon":{"url":"https:\/\/pubeurope.com\/@lv\/115816743733980403","error":""},"_links":{"self":[{"href":"https:\/\/www.europesays.com\/lv\/wp-json\/wp\/v2\/posts\/91270","targetHints":{"allow":["GET"]}}],"collection":[{"href":"https:\/\/www.europesays.com\/lv\/wp-json\/wp\/v2\/posts"}],"about":[{"href":"https:\/\/www.europesays.com\/lv\/wp-json\/wp\/v2\/types\/post"}],"author":[{"embeddable":true,"href":"https:\/\/www.europesays.com\/lv\/wp-json\/wp\/v2\/users\/2"}],"replies":[{"embeddable":true,"href":"https:\/\/www.europesays.com\/lv\/wp-json\/wp\/v2\/comments?post=91270"}],"version-history":[{"count":0,"href":"https:\/\/www.europesays.com\/lv\/wp-json\/wp\/v2\/posts\/91270\/revisions"}],"wp:featuredmedia":[{"embeddable":true,"href":"https:\/\/www.europesays.com\/lv\/wp-json\/wp\/v2\/media\/91271"}],"wp:attachment":[{"href":"https:\/\/www.europesays.com\/lv\/wp-json\/wp\/v2\/media?parent=91270"}],"wp:term":[{"taxonomy":"category","embeddable":true,"href":"https:\/\/www.europesays.com\/lv\/wp-json\/wp\/v2\/categories?post=91270"},{"taxonomy":"post_tag","embeddable":true,"href":"https:\/\/www.europesays.com\/lv\/wp-json\/wp\/v2\/tags?post=91270"}],"curies":[{"name":"wp","href":"https:\/\/api.w.org\/{rel}","templated":true}]}}