{"id":91276,"date":"2025-12-31T23:26:13","date_gmt":"2025-12-31T23:26:13","guid":{"rendered":"https:\/\/www.europesays.com\/lv\/91276\/"},"modified":"2025-12-31T23:26:13","modified_gmt":"2025-12-31T23:26:13","slug":"ainara-mielava-65-jubilejas-koncerta-ieraksts-65-koncerts-arena-pieejams-straumesanas-platformas-lente-lv-2","status":"publish","type":"post","link":"https:\/\/www.europesays.com\/lv\/91276\/","title":{"rendered":"Ainara Mielava 65. jubilejas koncerta ieraksts &#8220;65 Koncerts Ar\u0113n\u0101&#8221; pieejams straum\u0113\u0161anas platform\u0101s\u00a0\u2014\u00a0Lente.lv"},"content":{"rendered":"<p>Le\u0123end\u0101r\u0101 m\u016bzi\u0137a jubilejas atspulgs tagad pieejams digit\u0101li<\/p>\n<p>Digit\u0101laj\u0101 straum\u0113\u0161anas vid\u0113 ir izdots latvie\u0161u m\u016bzi\u0137a Ainara Mielava v\u0113rien\u012bg\u0101 jubilejas koncerta ieraksts &#8220;65 Koncerts Ar\u0113n\u0101&#8221;. \u0160\u012b jaun\u0101 muzik\u0101l\u0101 d\u0101vana \u013cauj klaus\u012bt\u0101jiem izbaud\u012bt aizraujo\u0161o pieredzi, kas norisin\u0101j\u0101s \u0161\u012b gada iespaid\u012bgaj\u0101 pas\u0101kum\u0101, pat ja nebija iesp\u0113jas to apmekl\u0113t kl\u0101tien\u0113. K\u0101 zi\u0146o Latvijas Av\u012bze, ieraksts ir pieejams vis\u0101s popul\u0101r\u0101kaj\u0101s m\u016bzikas straum\u0113\u0161anas platform\u0101s, pied\u0101v\u0101jot iesp\u0113ju iepaz\u012bt gan latvie\u0161u m\u016bzikas klasiku, gan jaunrad\u012btus ska\u0146darbus.<\/p>\n<p>V\u0113rien\u012bgais koncerts un t\u0101 dal\u012bbnieki<\/p>\n<p>Koncerts &#8220;65 Koncerts Ar\u0113n\u0101&#8221; tika velt\u012bts le\u0123end\u0101r\u0101 m\u016bzi\u0137a 65. jubilejai un norisin\u0101j\u0101s 2025. gada 25. oktobr\u012b &#8220;Xiaomi&#8221; ar\u0113n\u0101 R\u012bg\u0101. Pas\u0101kum\u0101 Ainars Mielavs uzst\u0101j\u0101s kop\u0101 ar saviem viesm\u0101ksliniekiem, radot unik\u0101lu muzik\u0101lu kopdarbu. Starp dal\u012bbniekiem bija R\u016bdolfs Macats (klavieres), Kaspars Vizulis (elektrisk\u0101 \u0123it\u0101ra), Kristians Priekulis (basa \u0123it\u0101ra), Kaspars Kurdeko (bungas), Aigars Voiti\u0161\u0137is (akustisk\u0101 \u0123it\u0101ra), Ter\u0113ze Mielava (elektrisk\u0101 \u0123it\u0101ra, balss) un sen\u0101s m\u016bzikas v\u012bru vok\u0101l\u0101 grupa &#8220;Schola Cantorum Riga&#8221; diri\u0123enta Guntara Pr\u0101\u0146a vad\u012bb\u0101. Koncerta ska\u0146as dizainu veidoja Art\u016brs Voiti\u0161\u0137is, bet ieraksta apstr\u0101di nodro\u0161in\u0101ja Gatis Gaujenieks, nodro\u0161inot augstv\u0113rt\u012bgu ska\u0146as kvalit\u0101ti.<\/p>\n<p>Koncerta saturs un noz\u012bme<\/p>\n<p>Koncertierakst\u0101 iek\u013cautas vair\u0101kas Ainara Mielava zin\u0101m\u0101s un iem\u012b\u013cot\u0101s dziesmas, tostarp &#8220;Aizlaid \u0161aubas negaisam l\u012bdz&#8221;, &#8220;P\u0101rc\u0113l\u0101js&#8221;, &#8220;Nemanot&#8221;, &#8220;Labradors&#8221;, &#8220;Atpog\u0101 manu kreklu&#8221;, &#8220;Piek\u016bns skrien debes\u012bs&#8221;, &#8220;M\u016b\u017e\u012bgais pied\u0101v\u0101jums&#8221;, &#8220;Tavs superveikals&#8221;, &#8220;Divat\u0101&#8221;, &#8220;220 volti&#8221;, &#8220;M\u012blest\u012bba skait\u0101s&#8221;, &#8220;Horizonts&#8221;, &#8220;Ai, jel manu vieglu pr\u0101tu&#8221;, &#8220;Oga sald\u0101, oga s\u016br\u0101&#8221;, &#8220;Tu savi\u013c\u0146oji mani&#8221;, &#8220;Kad m\u0113ness j\u016br\u0101 kr\u012bt&#8221;, k\u0101 ar\u012b &#8220;I Love You&#8221; un &#8220;100+1 v\u0113l\u0113\u0161an\u0101s&#8221;. Kopum\u0101 ierakst\u0101 iek\u013cautas 20 dziesmas ar kop\u0113jo ilgumu aptuveni 1 stundu un 28 min\u016btes. \u0160is izdevums ir ne tikai v\u0113rt\u012bga d\u0101vana Ainara Mielava 65. jubilej\u0101, bet ar\u012b noz\u012bm\u012bgs papildin\u0101jums vi\u0146a pla\u0161ajai diskogr\u0101fijai, kas apliecina vi\u0146a rado\u0161o m\u016b\u017eu un ietekmi Latvijas m\u016bzikas ainav\u0101 kop\u0161 1991. gada.<\/p>\n<p>Koncerta \u012bpa\u0161ie elementi un publikas iesaiste<\/p>\n<p>Koncerts &#8220;65 Koncerts Ar\u0113n\u0101&#8221; tika iecer\u0113ts k\u0101 &#8220;tautas sadzied\u0101\u0161an\u0101s&#8221; pas\u0101kums, kur dziesmu v\u0101rdi tika projic\u0113ti uz lielajiem ekr\u0101niem, aicinot skat\u012bt\u0101jus akt\u012bvi piedal\u012bties un dzied\u0101t l\u012bdzi no pirm\u0101s l\u012bdz p\u0113d\u0113jai min\u016btei. \u0160\u012b ideja saglab\u0101ta ar\u012b ierakst\u0101, radot kop\u012bgas svin\u012bbas un apliecinot Mielava \u012bpa\u0161\u0101s attiec\u012bbas ar saviem klaus\u012bt\u0101jiem. T\u0101 bija ne tikai muzik\u0101la, bet ar\u012b dzi\u013ci emocion\u0101la pieredze, kur\u0101 vald\u012bja sp\u0113c\u012bga vienot\u012bbas saj\u016bta starp m\u0101kslinieku un publiku.<\/p>\n<p>Tehnisk\u0101 izpild\u012bjuma augst\u0101 kvalit\u0101te<\/p>\n<p>P\u0113c koncerta nosl\u0113guma tika ieguld\u012bts iev\u0113rojams darbs ska\u0146as un att\u0113la apstr\u0101d\u0113, lai nodro\u0161in\u0101tu, ka digit\u0101l\u0101 versija piln\u012bb\u0101 atbilst ori\u0123in\u0101l\u0101 pas\u0101kuma spo\u017eumam. \u0160is profesion\u0101lais apstr\u0101des process \u013cauj ikvienam, kas izv\u0113las noskat\u012bties un noklaus\u012bties digit\u0101lo pierakstu m\u0101j\u0101s, izbaud\u012bt augstas kvalit\u0101tes ska\u0146u un kinematogr\u0101fisku vizu\u0101lo noform\u0113jumu, kas atspogu\u013co koncerta dinamiku un ener\u0123iju.<\/p>\n","protected":false},"excerpt":{"rendered":"Le\u0123end\u0101r\u0101 m\u016bzi\u0137a jubilejas atspulgs tagad pieejams digit\u0101li Digit\u0101laj\u0101 straum\u0113\u0161anas vid\u0113 ir izdots latvie\u0161u m\u016bzi\u0137a Ainara Mielava v\u0113rien\u012bg\u0101 jubilejas&hellip;\n","protected":false},"author":2,"featured_media":90976,"comment_status":"","ping_status":"","sticky":false,"template":"","format":"standard","meta":{"footnotes":""},"categories":[19],"tags":[21358,9392,22543,89,90,202,35,39,38,36,37,34,40,22770],"class_list":{"0":"post-91276","1":"post","2":"type-post","3":"status-publish","4":"format-standard","5":"has-post-thumbnail","7":"category-izklaide","8":"tag-65-koncerts-arena","9":"tag-ainars-mielavs","10":"tag-digitala-straumesana","11":"tag-entertainment","12":"tag-izklaide","13":"tag-koncerts","14":"tag-latvia","15":"tag-latvian","16":"tag-latviesu","17":"tag-latviesu-valoda","18":"tag-latviesuvaloda","19":"tag-latvija","20":"tag-lv","21":"tag-muzikas-ieraksts"},"share_on_mastodon":{"url":"https:\/\/pubeurope.com\/@lv\/115816771239314576","error":""},"_links":{"self":[{"href":"https:\/\/www.europesays.com\/lv\/wp-json\/wp\/v2\/posts\/91276","targetHints":{"allow":["GET"]}}],"collection":[{"href":"https:\/\/www.europesays.com\/lv\/wp-json\/wp\/v2\/posts"}],"about":[{"href":"https:\/\/www.europesays.com\/lv\/wp-json\/wp\/v2\/types\/post"}],"author":[{"embeddable":true,"href":"https:\/\/www.europesays.com\/lv\/wp-json\/wp\/v2\/users\/2"}],"replies":[{"embeddable":true,"href":"https:\/\/www.europesays.com\/lv\/wp-json\/wp\/v2\/comments?post=91276"}],"version-history":[{"count":0,"href":"https:\/\/www.europesays.com\/lv\/wp-json\/wp\/v2\/posts\/91276\/revisions"}],"wp:featuredmedia":[{"embeddable":true,"href":"https:\/\/www.europesays.com\/lv\/wp-json\/wp\/v2\/media\/90976"}],"wp:attachment":[{"href":"https:\/\/www.europesays.com\/lv\/wp-json\/wp\/v2\/media?parent=91276"}],"wp:term":[{"taxonomy":"category","embeddable":true,"href":"https:\/\/www.europesays.com\/lv\/wp-json\/wp\/v2\/categories?post=91276"},{"taxonomy":"post_tag","embeddable":true,"href":"https:\/\/www.europesays.com\/lv\/wp-json\/wp\/v2\/tags?post=91276"}],"curies":[{"name":"wp","href":"https:\/\/api.w.org\/{rel}","templated":true}]}}