{"id":91278,"date":"2025-12-31T23:39:16","date_gmt":"2025-12-31T23:39:16","guid":{"rendered":"https:\/\/www.europesays.com\/lv\/91278\/"},"modified":"2025-12-31T23:39:16","modified_gmt":"2025-12-31T23:39:16","slug":"eiduka-tour-de-ski-piecu-kilometru-brivas-distances-slepojuma-ienem-37-vietu","status":"publish","type":"post","link":"https:\/\/www.europesays.com\/lv\/91278\/","title":{"rendered":"Eiduka \u201cTour de Ski\u201d piecu kilometru br\u012bv\u0101s distances sl\u0113pojum\u0101 ie\u0146em 37. vietu"},"content":{"rendered":"<p>Eiduka fini\u0161u sasniedza p\u0113c 11 min\u016bt\u0113m un 18,3 sekund\u0113m un sav\u0101 grup\u0101 bija sept\u012bt\u0101 \u0101tr\u0101k\u0101, bet kopv\u0113rt\u0113jum\u0101 zaud\u0113ja l\u012bderei 27,6 sekundes un ierindoj\u0101s 37. poz\u012bcij\u0101 81 sportistes konkurenc\u0113.<\/p>\n<p>V\u012brie\u0161u konkurenc\u0113 uzvaru izc\u012bn\u012bja amerik\u0101nis Gass \u0160umahers, kur\u0161 fini\u0161u sasniedza p\u0113c devi\u0146\u0101m min\u016bt\u0113m un 35,4 sekund\u0113m. Vi\u0146\u0161 par 0,2 sekund\u0113m p\u0101rsp\u0113ja austrieti Benjaminu Mozeru, bet norv\u0113\u0123is L\u0101\u0161s Hegens atpalika 0,6 sekundes un bija tre\u0161ais.<\/p>\n<p>Eiduka sv\u0113tdien It\u0101lij\u0101 \u201cTour de Ski\u201d seri\u0101la pirmaj\u0101 posm\u0101 sprinta br\u012bvaj\u0101 stil\u0101 izsl\u0113g\u0161anas c\u012b\u0146\u0101s nep\u0101rvar\u0113ja pirmo k\u0101rtu un ie\u0146\u0113ma kopv\u0113rt\u0113jum\u0101 16. vietu, bet desmit kilometru distanc\u0113 ar atsevi\u0161\u0137u startu fini\u0161\u0113ja 39. viet\u0101.<\/p>\n<p>\u201cTour de Ski\u201d turpin\u0101jum\u0101 r\u012btdien paredz\u0113ts p\u0113d\u0113jais posms Toblah\u0101, kur b\u016bs starts 20 kilometru iedz\u012b\u0161an\u0101 klasiskaj\u0101 stil\u0101.<\/p>\n<p>P\u0113c vienas dienas atp\u016btas Valdifjemm\u0113, It\u0101lij\u0101, notiks p\u0113d\u0113jie divi posmi \u2013 sprints klasiskaj\u0101 stil\u0101 un desmit kilometru distance, liel\u0101ko da\u013cu veicot aug\u0161up kaln\u0101.<\/p>\n<p class=\"tv3-fw-500\">Zi\u0146o par k\u013c\u016bdu rakst\u0101<\/p>\n<p class=\"d-md-block d-none\">Iez\u012bm\u0113 k\u013c\u016bdaino tekstu un spied Ctrl+Enter.<\/p>\n<p class=\"d-md-none d-block\">Iez\u012bm\u0113 k\u013c\u016bdaino tekstu un zi\u0146o par to!<\/p>\n","protected":false},"excerpt":{"rendered":"Eiduka fini\u0161u sasniedza p\u0113c 11 min\u016bt\u0113m un 18,3 sekund\u0113m un sav\u0101 grup\u0101 bija sept\u012bt\u0101 \u0101tr\u0101k\u0101, bet kopv\u0113rt\u0113jum\u0101 zaud\u0113ja&hellip;\n","protected":false},"author":2,"featured_media":91279,"comment_status":"","ping_status":"","sticky":false,"template":"","format":"standard","meta":{"footnotes":""},"categories":[17],"tags":[22993,35,39,38,36,37,34,40,67],"class_list":{"0":"post-91278","1":"post","2":"type-post","3":"status-publish","4":"format-standard","5":"has-post-thumbnail","7":"category-sports","8":"tag-distancu-sleposanapatricija-eiduka","9":"tag-latvia","10":"tag-latvian","11":"tag-latviesu","12":"tag-latviesu-valoda","13":"tag-latviesuvaloda","14":"tag-latvija","15":"tag-lv","16":"tag-sports"},"share_on_mastodon":{"url":"https:\/\/pubeurope.com\/@lv\/115816822362057096","error":""},"_links":{"self":[{"href":"https:\/\/www.europesays.com\/lv\/wp-json\/wp\/v2\/posts\/91278","targetHints":{"allow":["GET"]}}],"collection":[{"href":"https:\/\/www.europesays.com\/lv\/wp-json\/wp\/v2\/posts"}],"about":[{"href":"https:\/\/www.europesays.com\/lv\/wp-json\/wp\/v2\/types\/post"}],"author":[{"embeddable":true,"href":"https:\/\/www.europesays.com\/lv\/wp-json\/wp\/v2\/users\/2"}],"replies":[{"embeddable":true,"href":"https:\/\/www.europesays.com\/lv\/wp-json\/wp\/v2\/comments?post=91278"}],"version-history":[{"count":0,"href":"https:\/\/www.europesays.com\/lv\/wp-json\/wp\/v2\/posts\/91278\/revisions"}],"wp:featuredmedia":[{"embeddable":true,"href":"https:\/\/www.europesays.com\/lv\/wp-json\/wp\/v2\/media\/91279"}],"wp:attachment":[{"href":"https:\/\/www.europesays.com\/lv\/wp-json\/wp\/v2\/media?parent=91278"}],"wp:term":[{"taxonomy":"category","embeddable":true,"href":"https:\/\/www.europesays.com\/lv\/wp-json\/wp\/v2\/categories?post=91278"},{"taxonomy":"post_tag","embeddable":true,"href":"https:\/\/www.europesays.com\/lv\/wp-json\/wp\/v2\/tags?post=91278"}],"curies":[{"name":"wp","href":"https:\/\/api.w.org\/{rel}","templated":true}]}}