{"id":91282,"date":"2026-01-01T00:05:14","date_gmt":"2026-01-01T00:05:14","guid":{"rendered":"https:\/\/www.europesays.com\/lv\/91282\/"},"modified":"2026-01-01T00:05:14","modified_gmt":"2026-01-01T00:05:14","slug":"asv-centas-aizturet-tankkugi-bet-tad-peksni-uz-ta-paradijas-krievijas-karogs","status":"publish","type":"post","link":"https:\/\/www.europesays.com\/lv\/91282\/","title":{"rendered":"ASV cent\u0101s aiztur\u0113t tankku\u0123i, bet tad p\u0113k\u0161\u0146i uz t\u0101 par\u0101d\u012bj\u0101s Krievijas karogs"},"content":{"rendered":"<p>    <img decoding=\"async\" src=\"https:\/\/www.europesays.com\/lv\/wp-content\/uploads\/2026\/01\/FotoJet-9-1-1024x679.jpg\" alt=\"&#10;\"\/><\/p>\n<p>Foto: AP\/Scanpix\/LETA\n<\/p>\n<p>15:11, 31. decembris 2025<\/p>\n<p>ASV krasta apsardze m\u0113\u0123in\u0101jusi aiztur\u0113t tankku\u0123i \u201cBella 1\u201d Kar\u012bbu j\u016br\u0101, kad tas dev\u0101s uz Venecu\u0113lu p\u0113c naftas, ta\u010du ku\u0123is atteic\u0101s apst\u0101ties, zi\u0146o laikraksts \u201cThe New York Times\u201d.<\/p>\n<p>        Las\u012bt\u0101kie<br \/>\n        <a data-imagesrc=\"{&quot;300&quot;:&quot;https:\\\/\\\/lastatic.ams3.cdn.digitaloceanspaces.com\\\/2025\\\/03\\\/pexels-rakicevic-nenad-233369-769525-300x249.jpg&quot;,&quot;1024&quot;:&quot;https:\\\/\\\/lastatic.ams3.cdn.digitaloceanspaces.com\\\/2025\\\/03\\\/pexels-rakicevic-nenad-233369-769525-1024x851.jpg&quot;,&quot;768&quot;:&quot;https:\\\/\\\/lastatic.ams3.cdn.digitaloceanspaces.com\\\/2025\\\/03\\\/pexels-rakicevic-nenad-233369-769525-768x638.jpg&quot;,&quot;1536&quot;:&quot;https:\\\/\\\/lastatic.ams3.cdn.digitaloceanspaces.com\\\/2025\\\/03\\\/pexels-rakicevic-nenad-233369-769525-1536x1276.jpg&quot;,&quot;2048&quot;:&quot;https:\\\/\\\/lastatic.ams3.cdn.digitaloceanspaces.com\\\/2025\\\/03\\\/pexels-rakicevic-nenad-233369-769525-2048x1701.jpg&quot;,&quot;200&quot;:&quot;https:\\\/\\\/lastatic.ams3.cdn.digitaloceanspaces.com\\\/2025\\\/03\\\/pexels-rakicevic-nenad-233369-769525-200x166.jpg&quot;,&quot;400&quot;:&quot;https:\\\/\\\/lastatic.ams3.cdn.digitaloceanspaces.com\\\/2025\\\/03\\\/pexels-rakicevic-nenad-233369-769525-400x332.jpg&quot;,&quot;500&quot;:&quot;https:\\\/\\\/lastatic.ams3.cdn.digitaloceanspaces.com\\\/2025\\\/03\\\/pexels-rakicevic-nenad-233369-769525-500x415.jpg&quot;,&quot;800&quot;:&quot;https:\\\/\\\/lastatic.ams3.cdn.digitaloceanspaces.com\\\/2025\\\/03\\\/pexels-rakicevic-nenad-233369-769525-800x665.jpg&quot;,&quot;1000&quot;:&quot;https:\\\/\\\/lastatic.ams3.cdn.digitaloceanspaces.com\\\/2025\\\/03\\\/pexels-rakicevic-nenad-233369-769525-1000x831.jpg&quot;,&quot;2560&quot;:&quot;https:\\\/\\\/lastatic.ams3.cdn.digitaloceanspaces.com\\\/2025\\\/03\\\/pexels-rakicevic-nenad-233369-769525-scaled.jpg&quot;}\" data-focuspoint=\"&quot;&quot;\" data-p=\"2470324\" href=\"https:\/\/www.la.lv\/ko-vilkt-jaungada-nakti-astrologi-sniedz-precizas-norades-katrai-zodiaka-zimei\" class=\"content-item lazy-load\" wp_automatic_readability=\"26\" rel=\"nofollow noopener\" target=\"_blank\"><\/p>\n<p>                                <img decoding=\"async\" src=\"\" alt=\"\" style=\"\" data-imageid=\"\"\/><\/p>\n<p>                                Kokteilis<\/p>\n<p>\n                                                Ko vilkt Jaungada nakt\u012b? Astrologi sniedz prec\u012bzas nor\u0101des katrai zodiaka z\u012bmei\n                            <\/p>\n<p><\/a><a data-imagesrc=\"{&quot;300&quot;:&quot;https:\\\/\\\/lastatic.ams3.cdn.digitaloceanspaces.com\\\/2017\\\/12\\\/jaunais-300x200.jpg&quot;,&quot;768&quot;:&quot;https:\\\/\\\/lastatic.ams3.cdn.digitaloceanspaces.com\\\/2017\\\/12\\\/jaunais-768x512.jpg&quot;,&quot;80&quot;:&quot;https:\\\/\\\/lastatic.ams3.cdn.digitaloceanspaces.com\\\/2017\\\/12\\\/jaunais-80x48.jpg&quot;,&quot;112&quot;:&quot;https:\\\/\\\/lastatic.ams3.cdn.digitaloceanspaces.com\\\/2017\\\/12\\\/jaunais-112x64.jpg&quot;,&quot;664&quot;:&quot;https:\\\/\\\/lastatic.ams3.cdn.digitaloceanspaces.com\\\/2017\\\/12\\\/jaunais-664x443.jpg&quot;,&quot;240&quot;:&quot;https:\\\/\\\/lastatic.ams3.cdn.digitaloceanspaces.com\\\/2017\\\/12\\\/jaunais-240x160.jpg&quot;,&quot;263&quot;:&quot;https:\\\/\\\/lastatic.ams3.cdn.digitaloceanspaces.com\\\/2017\\\/12\\\/jaunais-263x175.jpg&quot;,&quot;507&quot;:&quot;https:\\\/\\\/lastatic.ams3.cdn.digitaloceanspaces.com\\\/2017\\\/12\\\/jaunais-507x338.jpg&quot;,&quot;118&quot;:&quot;https:\\\/\\\/lastatic.ams3.cdn.digitaloceanspaces.com\\\/2017\\\/12\\\/jaunais-118x70.jpg&quot;,&quot;348&quot;:&quot;https:\\\/\\\/lastatic.ams3.cdn.digitaloceanspaces.com\\\/2017\\\/12\\\/jaunais-348x225.jpg&quot;,&quot;640&quot;:&quot;https:\\\/\\\/lastatic.ams3.cdn.digitaloceanspaces.com\\\/2017\\\/12\\\/jaunais-640x640.jpg&quot;,&quot;90&quot;:&quot;https:\\\/\\\/lastatic.ams3.cdn.digitaloceanspaces.com\\\/2017\\\/12\\\/jaunais-90x58.jpg&quot;,&quot;960&quot;:&quot;https:\\\/\\\/lastatic.ams3.cdn.digitaloceanspaces.com\\\/2017\\\/12\\\/jaunais.jpg&quot;}\" data-focuspoint=\"&quot;&quot;\" data-p=\"2477013\" href=\"https:\/\/www.la.lv\/ko-vilkt-mugura-sagaidot-uguniga-zirga-gadu-padomi-katrai-zodiaka-zimei-lai-piesaistitu-veiksmi-un-harmoniju\" class=\"content-item lazy-load\" wp_automatic_readability=\"27.5\" rel=\"nofollow noopener\" target=\"_blank\"><\/p>\n<p>                                <img decoding=\"async\" src=\"\" alt=\"\" style=\"\" data-imageid=\"\"\/><\/p>\n<p>                                Kokteilis<\/p>\n<p>\n                                                Ko vilkt mugur\u0101, sagaidot Ugun\u012bg\u0101 Zirga gadu? Padomi katrai zodiaka z\u012bmei, lai piesaist\u012btu veiksmi un harmoniju\n                            <\/p>\n<p><\/a><a data-imagesrc=\"{&quot;300&quot;:&quot;https:\\\/\\\/lastatic.ams3.cdn.digitaloceanspaces.com\\\/2021\\\/03\\\/Alvis-Hermanis-300x207.jpg&quot;,&quot;768&quot;:&quot;https:\\\/\\\/lastatic.ams3.cdn.digitaloceanspaces.com\\\/2021\\\/03\\\/Alvis-Hermanis-768x531.jpg&quot;,&quot;200&quot;:&quot;https:\\\/\\\/lastatic.ams3.cdn.digitaloceanspaces.com\\\/2021\\\/03\\\/Alvis-Hermanis-200x138.jpg&quot;,&quot;400&quot;:&quot;https:\\\/\\\/lastatic.ams3.cdn.digitaloceanspaces.com\\\/2021\\\/03\\\/Alvis-Hermanis-400x276.jpg&quot;,&quot;500&quot;:&quot;https:\\\/\\\/lastatic.ams3.cdn.digitaloceanspaces.com\\\/2021\\\/03\\\/Alvis-Hermanis-500x346.jpg&quot;,&quot;800&quot;:&quot;https:\\\/\\\/lastatic.ams3.cdn.digitaloceanspaces.com\\\/2021\\\/03\\\/Alvis-Hermanis-800x553.jpg&quot;,&quot;1000&quot;:&quot;https:\\\/\\\/lastatic.ams3.cdn.digitaloceanspaces.com\\\/2021\\\/03\\\/Alvis-Hermanis.jpg&quot;}\" data-focuspoint=\"&quot;&quot;\" data-p=\"2486969\" href=\"https:\/\/www.la.lv\/alvis-hermanis-sveicinati-veca-gada-pedeja-diena-mums-ir-jaunumi\" class=\"content-item lazy-load\" wp_automatic_readability=\"26\" rel=\"nofollow noopener\" target=\"_blank\"><\/p>\n<p>                                <img decoding=\"async\" src=\"\" alt=\"\" style=\"\" data-imageid=\"\"\/><\/p>\n<p>\n                                                Alvis Hermanis: Sveicin\u0101ti Vec\u0101 gada p\u0113d\u0113j\u0101 dien\u0101! Mums ir jaunumi!\n                            <\/p>\n<p><\/a><br \/>\n        <a class=\"read-more\" href=\"https:\/\/www.la.lv\/top\" rel=\"nofollow noopener\" target=\"_blank\">Las\u012bt citas zi\u0146as<\/a><\/p>\n<p>Saska\u0146\u0101 ar laikraksta avotiem ASV milit\u0101rie sp\u0113ki m\u0113\u0123in\u0101ja aiztur\u0113t tankku\u0123i 21. decembr\u012b. \u201cBella 1\u201d ir pak\u013cauts ASV sankcij\u0101m, jo tas p\u0101rvad\u0101ja naftu no Ir\u0101nas, t\u0101d\u0113j\u0101di p\u0101rk\u0101pjot sankcijas. Pamatojoties uz to, ASV varas iest\u0101des sa\u0146\u0113ma orderi ku\u0123a arestam.<\/p>\n<p>Krasta apsardze m\u0113\u0123in\u0101ja ku\u0123i aiztur\u0113t, jo tas ku\u0123oja bez karoga, ta\u010du apkalpe nepak\u013c\u0101v\u0101s un turpin\u0101ja ce\u013cu. Kop\u0161 t\u0101 laika ASV sp\u0113ki ir s\u0101ku\u0161i ku\u0123a vaj\u0101\u0161anu. Izvairoties no paka\u013cdz\u012b\u0161an\u0101s, tankku\u0123a apkalpes locek\u013ci uz t\u0101 borta uzkr\u0101soju\u0161i Krievijas karogu.<\/p>\n<p>    CITI \u0160OBR\u012aD LASA<\/p>\n<p>Nav zin\u0101ms, kur ku\u0123is atrodas pa\u0161laik. Amatpersonas apgalvo, ka tankku\u0123is nesen main\u012bjis kursu, iesp\u0113jams, dodoties Grenlandes vai Islandes virzien\u0101.<\/p>\n<p>NYT avoti nepaskaidroja, k\u0101p\u0113c krasta apsardze gaida, lai uzk\u0101ptu uz tankku\u0123a kl\u0101ja, jo ku\u0123is nesp\u0113j braukt \u0101tr\u0101k par karaku\u0123iem. Laikraksts nor\u0101da, ka uz ku\u0123a var uzk\u0101pt speci\u0101la komanda, kas sp\u0113j nodro\u0161in\u0101t kust\u012bgu ku\u0123i ar potenci\u0101li naid\u012bgu apkalpi.<\/p>\n<p>Civilie tankku\u0123i parasti nem\u0113\u0123ina sl\u0113pties no krasta apsardzes. Piem\u0113ram, ASV milit\u0101rie sp\u0113ki nesen net\u0101lu no Venecu\u0113las p\u0101rtv\u0113ra divus tankku\u0123us un sp\u0113ja uzk\u0101pt uz tiem.<\/p>\n<p>Saska\u0146\u0101 ar NYT inform\u0101ciju tankku\u0123is \u201cBella 1\u201d bija iesaist\u012bts naftas transport\u0113\u0161an\u0101 no Krievijas, Ir\u0101nas un Venecu\u0113las, p\u0101rk\u0101pjot ASV un citu valstu noteikt\u0101s sankcijas. Saska\u0146\u0101 ar viena avota teikto tankku\u0123a apkalpes liel\u0101ko da\u013cu veido Krievijas, Indijas un Ukrainas pilso\u0146i.<\/p>\n<p>T\u0113mas<\/p>\n<p>    SAIST\u012aTIE RAKSTI<\/p>\n","protected":false},"excerpt":{"rendered":"Foto: AP\/Scanpix\/LETA 15:11, 31. decembris 2025 ASV krasta apsardze m\u0113\u0123in\u0101jusi aiztur\u0113t tankku\u0123i \u201cBella 1\u201d Kar\u012bbu j\u016br\u0101, kad tas&hellip;\n","protected":false},"author":2,"featured_media":811,"comment_status":"","ping_status":"","sticky":false,"template":"","format":"standard","meta":{"footnotes":""},"categories":[14],"tags":[23,57,28,29,32,33,22,30,31,35,39,38,36,37,34,40,20,26,27,24,25,54,55,56,21,58],"class_list":{"0":"post-91282","1":"post","2":"type-post","3":"status-publish","4":"format-standard","5":"has-post-thumbnail","7":"category-zinas-no-arvalstim","8":"tag-aktualitates","9":"tag-arvalstim","10":"tag-breaking-news","11":"tag-breakingnews","12":"tag-featured-news","13":"tag-featurednews","14":"tag-headlines","15":"tag-latest-news","16":"tag-latestnews","17":"tag-latvia","18":"tag-latvian","19":"tag-latviesu","20":"tag-latviesu-valoda","21":"tag-latviesuvaloda","22":"tag-latvija","23":"tag-lv","24":"tag-news","25":"tag-popularakas-zinas","26":"tag-popularakaszinas","27":"tag-top-stories","28":"tag-topstories","29":"tag-world","30":"tag-world-news","31":"tag-worldnews","32":"tag-zinas","33":"tag-zinas-no-arvalstim"},"share_on_mastodon":{"url":"https:\/\/pubeurope.com\/@lv\/115816924657331091","error":""},"_links":{"self":[{"href":"https:\/\/www.europesays.com\/lv\/wp-json\/wp\/v2\/posts\/91282","targetHints":{"allow":["GET"]}}],"collection":[{"href":"https:\/\/www.europesays.com\/lv\/wp-json\/wp\/v2\/posts"}],"about":[{"href":"https:\/\/www.europesays.com\/lv\/wp-json\/wp\/v2\/types\/post"}],"author":[{"embeddable":true,"href":"https:\/\/www.europesays.com\/lv\/wp-json\/wp\/v2\/users\/2"}],"replies":[{"embeddable":true,"href":"https:\/\/www.europesays.com\/lv\/wp-json\/wp\/v2\/comments?post=91282"}],"version-history":[{"count":0,"href":"https:\/\/www.europesays.com\/lv\/wp-json\/wp\/v2\/posts\/91282\/revisions"}],"wp:featuredmedia":[{"embeddable":true,"href":"https:\/\/www.europesays.com\/lv\/wp-json\/wp\/v2\/media\/811"}],"wp:attachment":[{"href":"https:\/\/www.europesays.com\/lv\/wp-json\/wp\/v2\/media?parent=91282"}],"wp:term":[{"taxonomy":"category","embeddable":true,"href":"https:\/\/www.europesays.com\/lv\/wp-json\/wp\/v2\/categories?post=91282"},{"taxonomy":"post_tag","embeddable":true,"href":"https:\/\/www.europesays.com\/lv\/wp-json\/wp\/v2\/tags?post=91282"}],"curies":[{"name":"wp","href":"https:\/\/api.w.org\/{rel}","templated":true}]}}