{"id":91283,"date":"2026-01-01T00:09:06","date_gmt":"2026-01-01T00:09:06","guid":{"rendered":"https:\/\/www.europesays.com\/lv\/91283\/"},"modified":"2026-01-01T00:09:06","modified_gmt":"2026-01-01T00:09:06","slug":"latvijas-u-20-hokejisti-kaitina-cehus-bet-grupa-ienema-ceturto-vietu-hokejs-sportacentrs-com","status":"publish","type":"post","link":"https:\/\/www.europesays.com\/lv\/91283\/","title":{"rendered":"Latvijas U-20 hokejisti kaitina \u010dehus, bet grup\u0101 ie\u0146\u0113ma ceturto vietu \u2013 Hokejs \u2013 Sportacentrs.com"},"content":{"rendered":"<p>Ma\u010da ievad\u0101 p\u0113c p\u0101rk\u0101puma pret Danielu Serkinu Latvijas izlase tika pie pirm\u0101s iesp\u0113jas sp\u0113l\u0113t vair\u0101kum\u0101. Apritot sp\u0113les sestajai min\u016btei, to realiz\u0113ja Ansons, kur\u0161 p\u0113c Osma\u0146a metiena uz v\u0101rtu priek\u0161u ieb\u012bd\u012bja ripu v\u0101rtos.<\/p>\n<p>Pirm\u0101 perioda vid\u016b Tomass Poletins c\u012b\u0146\u0101 v\u0101rtu priek\u0161\u0101 raid\u012bja ripu t\u012bkl\u0101 un pan\u0101ca 1:1. P\u0113c 75 sekund\u0113m Adams Jir\u017e\u012b\u010deks vair\u0101kum\u0101 ar sp\u0113c\u012bgu metienu izvirz\u012bja vad\u012bb\u0101 \u010cehijas izlasi. Nedaudz v\u0113l\u0101k Martinam Klauc\u0101nam bija teicama iesp\u0113ja izl\u012bdzin\u0101t rezult\u0101tu, ta\u010du latvie\u0161u uzbruc\u0113js p\u0113c individu\u0101la reida ar ripu tr\u0101p\u012bja pa v\u0101rtu stabi\u0146u.<\/p>\n<p>Otr\u0101s tre\u0161da\u013cas tre\u0161aj\u0101 min\u016bt\u0113 p\u0113c Maksa P\u0161eni\u010dkas metiena ripa no Harija Cjunska non\u0101ca Latvijas izlases v\u0101rtos, t\u0101d\u0113j\u0101di rezult\u0101ts k\u013cuva 3:1 \u010dehu lab\u0101. Perioda otraj\u0101 pus\u0113 Latvijas juniori skaitliskaj\u0101 maz\u0101kum\u0101 ne\u013c\u0101va pretiniekiem att\u0101lin\u0101ties rezult\u0101t\u0101.<\/p>\n<p>Tre\u0161\u0101 nogrie\u017e\u0146a pirmaj\u0101 pus\u0113 Latvijas izlase divreiz sp\u0113l\u0113ja vair\u0101kum\u0101 un otro no tiem izmantoja. Perioda sept\u012btaj\u0101 min\u016bt\u0113 \u010dehus ar metienu no \u0161aura le\u0146\u0137a p\u0101rsp\u0113ja Sieradzkis.<\/p>\n<p>Pamatlaika p\u0113d\u0113j\u0101s min\u016bt\u0113s Latvijas izlases v\u0101rtsargs tika nomain\u012bts pret sesto laukuma sp\u0113l\u0113t\u0101ju, un 77 sekundes pirms beigu sign\u0101la V\u0101clavs Nestra\u0161ils raid\u012bja ripu tuk\u0161os v\u0101rtos.<\/p>\n<p>\u0160aj\u0101 ma\u010d\u0101 Latvijas izlasei nevar\u0113ja pal\u012bdz\u0113t aizsargs Darels U\u013cjanskis.<\/p>\n<p>Jau v\u0113st\u012bts, ka Latvijas hokejisti pirmaj\u0101 ma\u010d\u0101 ar 1:2 papildlaik\u0101 zaud\u0113ja Kan\u0101dai, otraj\u0101 c\u012b\u0146\u0101 ar 0:8 kapitul\u0113ja Somijai, bet otrdien ar 6:3 p\u0101rsp\u0113ja D\u0101niju, nodro\u0161inot vietu ceturtda\u013cfin\u0101l\u0101. Izlase nosl\u0113dzo\u0161aj\u0101 apak\u0161grupas sp\u0113l\u0113 Latvijas jaunajiem hokejistiem var\u0113ja dot tre\u0161o vietu, ta\u010du nu j\u0101samierin\u0101s ar ceturto.<\/p>\n<p>Inform\u0101cija tiek papildin\u0101ta\u2026<\/p>\n","protected":false},"excerpt":{"rendered":"Ma\u010da ievad\u0101 p\u0113c p\u0101rk\u0101puma pret Danielu Serkinu Latvijas izlase tika pie pirm\u0101s iesp\u0113jas sp\u0113l\u0113t vair\u0101kum\u0101. Apritot sp\u0113les sestajai&hellip;\n","protected":false},"author":2,"featured_media":91284,"comment_status":"","ping_status":"","sticky":false,"template":"","format":"standard","meta":{"footnotes":""},"categories":[17],"tags":[394,35,39,38,36,37,34,40,67],"class_list":{"0":"post-91283","1":"post","2":"type-post","3":"status-publish","4":"format-standard","5":"has-post-thumbnail","7":"category-sports","8":"tag-hokejs","9":"tag-latvia","10":"tag-latvian","11":"tag-latviesu","12":"tag-latviesu-valoda","13":"tag-latviesuvaloda","14":"tag-latvija","15":"tag-lv","16":"tag-sports"},"share_on_mastodon":{"url":"https:\/\/pubeurope.com\/@lv\/115816940314186924","error":""},"_links":{"self":[{"href":"https:\/\/www.europesays.com\/lv\/wp-json\/wp\/v2\/posts\/91283","targetHints":{"allow":["GET"]}}],"collection":[{"href":"https:\/\/www.europesays.com\/lv\/wp-json\/wp\/v2\/posts"}],"about":[{"href":"https:\/\/www.europesays.com\/lv\/wp-json\/wp\/v2\/types\/post"}],"author":[{"embeddable":true,"href":"https:\/\/www.europesays.com\/lv\/wp-json\/wp\/v2\/users\/2"}],"replies":[{"embeddable":true,"href":"https:\/\/www.europesays.com\/lv\/wp-json\/wp\/v2\/comments?post=91283"}],"version-history":[{"count":0,"href":"https:\/\/www.europesays.com\/lv\/wp-json\/wp\/v2\/posts\/91283\/revisions"}],"wp:featuredmedia":[{"embeddable":true,"href":"https:\/\/www.europesays.com\/lv\/wp-json\/wp\/v2\/media\/91284"}],"wp:attachment":[{"href":"https:\/\/www.europesays.com\/lv\/wp-json\/wp\/v2\/media?parent=91283"}],"wp:term":[{"taxonomy":"category","embeddable":true,"href":"https:\/\/www.europesays.com\/lv\/wp-json\/wp\/v2\/categories?post=91283"},{"taxonomy":"post_tag","embeddable":true,"href":"https:\/\/www.europesays.com\/lv\/wp-json\/wp\/v2\/tags?post=91283"}],"curies":[{"name":"wp","href":"https:\/\/api.w.org\/{rel}","templated":true}]}}