{"id":91293,"date":"2026-01-01T00:23:16","date_gmt":"2026-01-01T00:23:16","guid":{"rendered":"https:\/\/www.europesays.com\/lv\/91293\/"},"modified":"2026-01-01T00:23:16","modified_gmt":"2026-01-01T00:23:16","slug":"pavests-leons-xiv-aicina-pasauli-lugt-par-drosmi-miera-sarunam-ukraina-un-krievija-lente-lv","status":"publish","type":"post","link":"https:\/\/www.europesays.com\/lv\/91293\/","title":{"rendered":"P\u0101vests Leons XIV aicina pasauli l\u016bgt par drosmi miera sarun\u0101m Ukrain\u0101 un Krievij\u0101\u00a0\u2014\u00a0Lente.lv"},"content":{"rendered":"<p>P\u0101vesta aicin\u0101jums uz dialogu<\/p>\n<p>Sav\u0101 pirmaj\u0101 Ziemassv\u0113tku uzrun\u0101 p\u0101vests Leons XIV aicin\u0101ja uz mieru pasaul\u0113, uzsverot nepiecie\u0161am\u012bbu p\u0113c sarun\u0101m, lai izbeigtu bru\u0146otus konfliktus. K\u0101 zi\u0146o Latvijas Av\u012bze, uzst\u0101joties no Sv\u0113t\u0101 P\u0113tera bazilikas balkona Vatik\u0101n\u0101, p\u0101vests mudin\u0101ja tic\u012bgos l\u016bgt par drosmi Ukrainas un Krievijas l\u012bderiem, lai vi\u0146i sp\u0113tu uzs\u0101kt tie\u0161as sarunas kara izbeig\u0161anai. \u0160is ir p\u0101vesta Leona XIV pirmais pontifik\u0101ta gads, jo vi\u0146\u0161 amat\u0101 st\u0101j\u0101s maij\u0101 p\u0113c iepriek\u0161\u0113j\u0101 p\u0101vesta Franciska n\u0101ves.<\/p>\n<p>Glob\u0101lais miera aicin\u0101jums<\/p>\n<p>P\u0101vesta uzrun\u0101 &#8220;Urbi et Orbi&#8221; (&#8220;Pils\u0113tai un pasaulei&#8221;) vi\u0146\u0161 piev\u0113rs\u0101s vair\u0101k\u0101m pasaules kr\u012bz\u0113m, aicinot uz taisn\u012bgumu, mieru un stabilit\u0101ti ar\u012b Tuvo Austrumu re\u0123ion\u0101, \u012bpa\u0161i pieminot Lib\u0101nu, Palest\u012bnu, Izra\u0113lu un S\u012briju. Vi\u0146\u0161 ar\u012b izteica l\u012bdzj\u016bt\u012bbu Gazas joslas iedz\u012bvot\u0101jiem, kuri, p\u0113c vi\u0146a v\u0101rdiem, ir zaud\u0113ju\u0161i visu. T\u0101pat p\u0101vests atz\u012bm\u0113ja kara un vardarb\u012bbas upurus Sud\u0101n\u0101, Dienvidsud\u0101n\u0101, Mali, Burkinafaso un Kongo Demokr\u0101tiskaj\u0101 Republik\u0101.<\/p>\n<p>Ukrainas kara konteksts<\/p>\n<p>Krievijas pla\u0161a m\u0113roga iebrukums Ukrain\u0101 turpin\u0101s kop\u0161 2022. gada 24. febru\u0101ra. Lai gan notiku\u0161i vair\u0101ki sarunu m\u0113\u0123in\u0101jumi, l\u012bdz \u0161im nav pan\u0101kts noz\u012bm\u012bgs progress miera pan\u0101k\u0161an\u0101. Latvijas nost\u0101ja \u0161aj\u0101 konflikt\u0101 ir stingrs atbalsts Ukrainai, sniedzot gan politisko, gan milit\u0101ro un humanit\u0101ro pal\u012bdz\u012bbu. Latvijas sabiedr\u012bbas atbalsts Ukrainai joproj\u0101m ir augsts, un aptaujas r\u0101da, ka vairums iedz\u012bvot\u0101ju atbalsta Ukrainas uzvaru kar\u0101 un uzskata, ka pal\u012bdzot Ukrainai, tiek sarg\u0101ta ar\u012b Latvija.<\/p>\n<p>Miera sarunu izaicin\u0101jumi<\/p>\n<p>Neskatoties uz p\u0101vesta aicin\u0101jumu un starptautisko kopienu centieniem, miera sarunu ce\u013c\u0161 starp Krieviju un Ukrainu ir sare\u017e\u0123\u012bts. Galvenie \u0161\u0137\u0113r\u0161\u013ci ietver teritori\u0101l\u0101s pretenzijas, NATO papla\u0161in\u0101\u0161an\u0101s jaut\u0101jumus un milit\u0101ros ierobe\u017eojumus. Ir eksperti, kuri uzskata, ka Krievija var\u0113tu izmantot sarunas, lai mazin\u0101tu Rietumu atbalstu Ukrainai. Neskatoties uz \u0161iem izaicin\u0101jumiem, tiek prognoz\u0113ts, ka 2026. gads var\u0113tu b\u016bt iz\u0161\u0137iro\u0161s kara izbeig\u0161anai, \u0146emot v\u0113r\u0101 karojo\u0161o pu\u0161u nogurumu un potenci\u0101l\u0101s probl\u0113mas Krievijas ekonomik\u0101.<\/p>\n<p>Cer\u012bba uz dialogu<\/p>\n<p>P\u0101vesta Leona XIV Ziemassv\u0113tku uzruna ir atk\u0101rtots aicin\u0101jums pasaules l\u012bderiem mekl\u0113t mier\u012bgus risin\u0101jumus un veicin\u0101t dialogu. Vi\u0146a pirmais pontifik\u0101ta gads ir iez\u012bm\u0113jies ar centieniem piev\u0113rst uzman\u012bbu glob\u0101laj\u0101m kr\u012bz\u0113m un mudin\u0101t uz mieru un izl\u012bgumu vis\u0101 pasaul\u0113.<\/p>\n","protected":false},"excerpt":{"rendered":"P\u0101vesta aicin\u0101jums uz dialogu Sav\u0101 pirmaj\u0101 Ziemassv\u0113tku uzrun\u0101 p\u0101vests Leons XIV aicin\u0101ja uz mieru pasaul\u0113, uzsverot nepiecie\u0161am\u012bbu p\u0113c&hellip;\n","protected":false},"author":2,"featured_media":91294,"comment_status":"","ping_status":"","sticky":false,"template":"","format":"standard","meta":{"footnotes":""},"categories":[14],"tags":[23,57,28,29,32,33,22,234,30,31,35,39,38,36,37,34,40,10770,20,14322,26,27,24,25,276,54,55,56,9687,21,58],"class_list":{"0":"post-91293","1":"post","2":"type-post","3":"status-publish","4":"format-standard","5":"has-post-thumbnail","7":"category-zinas-no-arvalstim","8":"tag-aktualitates","9":"tag-arvalstim","10":"tag-breaking-news","11":"tag-breakingnews","12":"tag-featured-news","13":"tag-featurednews","14":"tag-headlines","15":"tag-krievija","16":"tag-latest-news","17":"tag-latestnews","18":"tag-latvia","19":"tag-latvian","20":"tag-latviesu","21":"tag-latviesu-valoda","22":"tag-latviesuvaloda","23":"tag-latvija","24":"tag-lv","25":"tag-miera-sarunas","26":"tag-news","27":"tag-pavests-leons-xiv","28":"tag-popularakas-zinas","29":"tag-popularakaszinas","30":"tag-top-stories","31":"tag-topstories","32":"tag-ukraina","33":"tag-world","34":"tag-world-news","35":"tag-worldnews","36":"tag-ziemassvetki","37":"tag-zinas","38":"tag-zinas-no-arvalstim"},"share_on_mastodon":{"url":"https:\/\/pubeurope.com\/@lv\/115816995370324417","error":""},"_links":{"self":[{"href":"https:\/\/www.europesays.com\/lv\/wp-json\/wp\/v2\/posts\/91293","targetHints":{"allow":["GET"]}}],"collection":[{"href":"https:\/\/www.europesays.com\/lv\/wp-json\/wp\/v2\/posts"}],"about":[{"href":"https:\/\/www.europesays.com\/lv\/wp-json\/wp\/v2\/types\/post"}],"author":[{"embeddable":true,"href":"https:\/\/www.europesays.com\/lv\/wp-json\/wp\/v2\/users\/2"}],"replies":[{"embeddable":true,"href":"https:\/\/www.europesays.com\/lv\/wp-json\/wp\/v2\/comments?post=91293"}],"version-history":[{"count":0,"href":"https:\/\/www.europesays.com\/lv\/wp-json\/wp\/v2\/posts\/91293\/revisions"}],"wp:featuredmedia":[{"embeddable":true,"href":"https:\/\/www.europesays.com\/lv\/wp-json\/wp\/v2\/media\/91294"}],"wp:attachment":[{"href":"https:\/\/www.europesays.com\/lv\/wp-json\/wp\/v2\/media?parent=91293"}],"wp:term":[{"taxonomy":"category","embeddable":true,"href":"https:\/\/www.europesays.com\/lv\/wp-json\/wp\/v2\/categories?post=91293"},{"taxonomy":"post_tag","embeddable":true,"href":"https:\/\/www.europesays.com\/lv\/wp-json\/wp\/v2\/tags?post=91293"}],"curies":[{"name":"wp","href":"https:\/\/api.w.org\/{rel}","templated":true}]}}