{"id":91299,"date":"2026-01-01T01:17:06","date_gmt":"2026-01-01T01:17:06","guid":{"rendered":"https:\/\/www.europesays.com\/lv\/91299\/"},"modified":"2026-01-01T01:17:06","modified_gmt":"2026-01-01T01:17:06","slug":"pavests-leo-xiv-aicina-romu-but-viesmiligai-pret-iecelotajiem-un-neaizsargatajiem-lente-lv","status":"publish","type":"post","link":"https:\/\/www.europesays.com\/lv\/91299\/","title":{"rendered":"P\u0101vests Leo XIV aicina Romu b\u016bt viesm\u012bl\u012bgai pret iece\u013cot\u0101jiem un neaizsarg\u0101tajiem\u00a0\u2014\u00a0Lente.lv"},"content":{"rendered":"<p>Sv\u0113tce\u013cojumu nosl\u0113gums un aicin\u0101jums viesm\u012bl\u012bbai<\/p>\n<p>K\u0101 inform\u0113 telekan\u0101ls EuroNews, 2025. gada nosl\u0113gum\u0101 p\u0101vests Leo XIV uzst\u0101jies ar l\u016bg\u0161anos, lai Roma k\u013c\u016btu par viesm\u012bl\u012bgu un atbalsto\u0161u pils\u0113tu gan \u0101rzemniekiem, gan neaizsarg\u0101t\u0101m person\u0101m \u2013 jaunie\u0161iem un vecajiem cilv\u0113kiem.<\/p>\n<p>Sv\u0113tdienas vakar\u0101 Vatik\u0101n\u0101, Sv\u0113t\u0101 P\u0113tera bazilik\u0101, notika Jaungada vakara dievkalpojums (Vesperes), kur\u0101 p\u0101vests pateic\u0101s par sv\u0113tce\u013cojumu Sv\u0113to Gadu, kas vienreiz ceturksn\u012b gadsimt\u0101 pulc\u0113ja miljoniem sv\u0113tce\u013cnieku uz Romu kristiet\u012bbas svin\u012bb\u0101s.<\/p>\n<p>P\u0101vesta pateic\u012bba un Franciska ies\u0101ktais aicin\u0101jums<\/p>\n<p>Hom\u012blij\u0101 p\u0101vests Leo XIV izteica atzin\u012bbu Romai un br\u012bvpr\u0101t\u012bgajiem, kuri pal\u012bdz\u0113ja nodro\u0161in\u0101t k\u0101rt\u012bbu straumojo\u0161aj\u0101s \u013cau\u017eu mas\u0101s, apmekl\u0113jot Sv\u0113to P\u0113teri un ejot cauri Sv\u0113taj\u0101m durv\u012bm. Vi\u0146\u0161 atg\u0101din\u0101ja, ka p\u0101vests Francisks, kur\u0161 Sv\u0113to Gadu atkl\u0101ja 2024. gada 24. decembr\u012b, jau aicin\u0101ja Romu b\u016bt atv\u0113rt\u0101kai un viesm\u012bl\u012bg\u0101kai. &#8220;Es v\u0113l\u0113tos, lai t\u0101 b\u016btu atkal, un teiktu pat v\u0113l vair\u0101k p\u0113c \u0161\u012b \u017e\u0113last\u012bbas laika,&#8221; sac\u012bja p\u0101vests.<\/p>\n<blockquote>\n<p>&#8220;Ko m\u0113s varam nov\u0113l\u0113t Romai? Lai t\u0101 ir cien\u012bga saviem mazajiem. B\u0113rniem, vientu\u013cajiem un trauslajiem veciem cilv\u0113kiem, \u0123imen\u0113m, kur\u0101m ir gr\u016bti izdz\u012bvot, v\u012brie\u0161iem un sieviet\u0113m, kas n\u0101ku\u0161i no t\u0101lienes, cerot uz cilv\u0113ka cien\u012bgu dz\u012bvi.&#8221;<\/p>\n<\/blockquote>\n<p>Dievkalpojum\u0101 kl\u0101t bija ar\u012b Romas m\u0113rs Roberto Gualtjeri un citi augsta ranga viesi.<\/p>\n<p>Gada statistika un p\u0101rmai\u0146as Vatik\u0101n\u0101<\/p>\n<p>Papildus Jubilejas gadam, 2025. gads bija noz\u012bm\u012bgs ar\u012b ar p\u0101vesta p\u0101rmai\u0146\u0101m. Francisks aizg\u0101ja m\u016b\u017e\u012bb\u0101 apr\u012bl\u012b, un kardin\u0101li iev\u0113l\u0113ja pirmo p\u0101vestu no Amerikas Savienotaj\u0101m Valst\u012bm. \u0160oned\u0113\u013c Vatik\u0101ns public\u0113ja statistikas datus, kas liecina, ka \u0161ogad Vatik\u0101na dievkalpojumos, audienc\u0113s, An\u0123elus l\u016bg\u0161an\u0101s un Jubilejas audienc\u0113s piedal\u012bju\u0161ies 3,2 miljoni cilv\u0113ku. Pirmaj\u0101 ceturksn\u012b apmekl\u0113t\u0101ju skaits bija neliels, \u0146emot v\u0113r\u0101 Franciska ilgo hospitaliz\u0101ciju un slim\u012bbu, bet p\u0113c Leo XIV iev\u0113l\u0113\u0161anas maij\u0101 tas iev\u0113rojami pieauga.<\/p>\n","protected":false},"excerpt":{"rendered":"Sv\u0113tce\u013cojumu nosl\u0113gums un aicin\u0101jums viesm\u012bl\u012bbai K\u0101 inform\u0113 telekan\u0101ls EuroNews, 2025. gada nosl\u0113gum\u0101 p\u0101vests Leo XIV uzst\u0101jies ar l\u016bg\u0161anos,&hellip;\n","protected":false},"author":2,"featured_media":91300,"comment_status":"","ping_status":"","sticky":false,"template":"","format":"standard","meta":{"footnotes":""},"categories":[14],"tags":[23,57,28,29,32,33,22,30,31,35,39,38,36,37,34,40,20,15948,22995,26,27,11465,22994,24,25,7094,54,55,56,21,58],"class_list":{"0":"post-91299","1":"post","2":"type-post","3":"status-publish","4":"format-standard","5":"has-post-thumbnail","7":"category-zinas-no-arvalstim","8":"tag-aktualitates","9":"tag-arvalstim","10":"tag-breaking-news","11":"tag-breakingnews","12":"tag-featured-news","13":"tag-featurednews","14":"tag-headlines","15":"tag-latest-news","16":"tag-latestnews","17":"tag-latvia","18":"tag-latvian","19":"tag-latviesu","20":"tag-latviesu-valoda","21":"tag-latviesuvaloda","22":"tag-latvija","23":"tag-lv","24":"tag-news","25":"tag-pavests-leo-xiv","26":"tag-pieludzeji","27":"tag-popularakas-zinas","28":"tag-popularakaszinas","29":"tag-roma","30":"tag-svetais-gads","31":"tag-top-stories","32":"tag-topstories","33":"tag-viesmiliba","34":"tag-world","35":"tag-world-news","36":"tag-worldnews","37":"tag-zinas","38":"tag-zinas-no-arvalstim"},"share_on_mastodon":{"url":"https:\/\/pubeurope.com\/@lv\/115817207717445139","error":""},"_links":{"self":[{"href":"https:\/\/www.europesays.com\/lv\/wp-json\/wp\/v2\/posts\/91299","targetHints":{"allow":["GET"]}}],"collection":[{"href":"https:\/\/www.europesays.com\/lv\/wp-json\/wp\/v2\/posts"}],"about":[{"href":"https:\/\/www.europesays.com\/lv\/wp-json\/wp\/v2\/types\/post"}],"author":[{"embeddable":true,"href":"https:\/\/www.europesays.com\/lv\/wp-json\/wp\/v2\/users\/2"}],"replies":[{"embeddable":true,"href":"https:\/\/www.europesays.com\/lv\/wp-json\/wp\/v2\/comments?post=91299"}],"version-history":[{"count":0,"href":"https:\/\/www.europesays.com\/lv\/wp-json\/wp\/v2\/posts\/91299\/revisions"}],"wp:featuredmedia":[{"embeddable":true,"href":"https:\/\/www.europesays.com\/lv\/wp-json\/wp\/v2\/media\/91300"}],"wp:attachment":[{"href":"https:\/\/www.europesays.com\/lv\/wp-json\/wp\/v2\/media?parent=91299"}],"wp:term":[{"taxonomy":"category","embeddable":true,"href":"https:\/\/www.europesays.com\/lv\/wp-json\/wp\/v2\/categories?post=91299"},{"taxonomy":"post_tag","embeddable":true,"href":"https:\/\/www.europesays.com\/lv\/wp-json\/wp\/v2\/tags?post=91299"}],"curies":[{"name":"wp","href":"https:\/\/api.w.org\/{rel}","templated":true}]}}