{"id":91311,"date":"2026-01-01T02:02:07","date_gmt":"2026-01-01T02:02:07","guid":{"rendered":"https:\/\/www.europesays.com\/lv\/91311\/"},"modified":"2026-01-01T02:02:07","modified_gmt":"2026-01-01T02:02:07","slug":"pardziedi-mani-vecgada-sovs-ieraksts-replay-lv","status":"publish","type":"post","link":"https:\/\/www.europesays.com\/lv\/91311\/","title":{"rendered":"P\u0101rdziedi mani! Vecgada \u0161ovs \/ Ieraksts \/ REplay.lv"},"content":{"rendered":"<p>\u0160aj\u0101 Vecgada \u0161ov\u0101 kop\u0101 ar &#8220;P\u0101rdziedi mani&#8221; pirm\u0101s un otr\u0101s sezonas dal\u012bbniekiem \u2013 Ievu Akurateri, Aiju Andrejevu, Fi\u0146\u0137i, Andri Baltaci, Asnati Ranc\u0101ni, Maksimu Buselu, Juri Kaukuli, Brigitu Reisoni, Emiliju, Ralfu Eilandu, Antru Stafecku, rolandu \u010de, Raimondu Vazdiku, Art\u016bru U\u0161k\u0101nu, Alisi Haijimu, J\u0101ni Apeini, k\u0101 ar\u012b spilgtiem un negaid\u012btiem viesm\u0101ksliniekiem k\u0101pjam \u0101r\u0101 no ierastajiem \u017eanriem un robe\u017e\u0101m. M\u0101kslinieki maina \u017eanrus un muzik\u0101los sast\u0101vus, lai kop\u012bgi atrastu jaunu, vislab\u0101ko Vecgada dziesmu.<\/p>\n<p>Par kop\u0113jo vakara noska\u0146u r\u016bp\u0113jas Fredis un Marija Naumova, k\u0101 ar\u012b citas spilgtas un iem\u012b\u013cotas person\u012bbas. \u013baujam 2026. gadam n\u0101kt un p\u0101rdzied\u0101t 2025. gadu!<\/p>\n","protected":false},"excerpt":{"rendered":"\u0160aj\u0101 Vecgada \u0161ov\u0101 kop\u0101 ar &#8220;P\u0101rdziedi mani&#8221; pirm\u0101s un otr\u0101s sezonas dal\u012bbniekiem \u2013 Ievu Akurateri, Aiju Andrejevu, Fi\u0146\u0137i,&hellip;\n","protected":false},"author":2,"featured_media":91312,"comment_status":"","ping_status":"","sticky":false,"template":"","format":"standard","meta":{"footnotes":""},"categories":[19],"tags":[89,90,35,39,38,36,37,34,40],"class_list":{"0":"post-91311","1":"post","2":"type-post","3":"status-publish","4":"format-standard","5":"has-post-thumbnail","7":"category-izklaide","8":"tag-entertainment","9":"tag-izklaide","10":"tag-latvia","11":"tag-latvian","12":"tag-latviesu","13":"tag-latviesu-valoda","14":"tag-latviesuvaloda","15":"tag-latvija","16":"tag-lv"},"share_on_mastodon":{"url":"https:\/\/pubeurope.com\/@lv\/115817384723443544","error":""},"_links":{"self":[{"href":"https:\/\/www.europesays.com\/lv\/wp-json\/wp\/v2\/posts\/91311","targetHints":{"allow":["GET"]}}],"collection":[{"href":"https:\/\/www.europesays.com\/lv\/wp-json\/wp\/v2\/posts"}],"about":[{"href":"https:\/\/www.europesays.com\/lv\/wp-json\/wp\/v2\/types\/post"}],"author":[{"embeddable":true,"href":"https:\/\/www.europesays.com\/lv\/wp-json\/wp\/v2\/users\/2"}],"replies":[{"embeddable":true,"href":"https:\/\/www.europesays.com\/lv\/wp-json\/wp\/v2\/comments?post=91311"}],"version-history":[{"count":0,"href":"https:\/\/www.europesays.com\/lv\/wp-json\/wp\/v2\/posts\/91311\/revisions"}],"wp:featuredmedia":[{"embeddable":true,"href":"https:\/\/www.europesays.com\/lv\/wp-json\/wp\/v2\/media\/91312"}],"wp:attachment":[{"href":"https:\/\/www.europesays.com\/lv\/wp-json\/wp\/v2\/media?parent=91311"}],"wp:term":[{"taxonomy":"category","embeddable":true,"href":"https:\/\/www.europesays.com\/lv\/wp-json\/wp\/v2\/categories?post=91311"},{"taxonomy":"post_tag","embeddable":true,"href":"https:\/\/www.europesays.com\/lv\/wp-json\/wp\/v2\/tags?post=91311"}],"curies":[{"name":"wp","href":"https:\/\/api.w.org\/{rel}","templated":true}]}}