{"id":91314,"date":"2026-01-01T02:14:23","date_gmt":"2026-01-01T02:14:23","guid":{"rendered":"https:\/\/www.europesays.com\/lv\/91314\/"},"modified":"2026-01-01T02:14:23","modified_gmt":"2026-01-01T02:14:23","slug":"valdis-zatlers-skaidro-situaciju-ap-raimonda-paula-dziesmu-svetkiem-maestro-bija-informets-lente-lv","status":"publish","type":"post","link":"https:\/\/www.europesays.com\/lv\/91314\/","title":{"rendered":"Valdis Zatlers skaidro situ\u0101ciju ap Raimonda Paula Dziesmu sv\u0113tkiem: Maestro bija inform\u0113ts\u00a0\u2014\u00a0Lente.lv"},"content":{"rendered":"<p>S\u0101kotn\u0113j\u0101s konsult\u0101cijas ar Maestro<\/p>\n<p>Biju\u0161ais Latvijas Valsts prezidents Valdis Zatlers, kur\u0161 ir fonda &#8220;Manai dzimtenei&#8221; padomes loceklis, TV24 raid\u012bjum\u0101 &#8220;Dienas person\u012bba ar Veltu Puri\u0146u&#8221; skaidrojis sabiedr\u012bb\u0101 radu\u0161os a\u017eiot\u0101\u017eu par Dziesmu sv\u0113tkiem, kas nosaukti komponista Raimonda Paula v\u0101rd\u0101. Zatlers uzsv\u0113ris, ka idejas tap\u0161anas s\u0101kum\u0101 ar Maestro notiku\u0161as konsult\u0101cijas, un vi\u0146\u0161 bijis inform\u0113ts par ieceri. &#8220;T\u0101 nav, ka izdom\u0101j\u0101m koncertu, un uz priek\u0161u! M\u0113s konsult\u0113j\u0101mies ar vi\u0146u,&#8221; sac\u012bjis Zatlers..<\/p>\n<p>Vi\u0146\u0161 nor\u0101d\u012bjis, ka fonda &#8220;Manai dzimtenei&#8221; p\u0101rst\u0101vji ar Raimondu Paulu tiku\u0161ies jau idejas s\u0101kuma posm\u0101, pat vair\u0101k nek\u0101 pirms gada. \u0160\u012bs tik\u0161an\u0101s laik\u0101 p\u0101rrun\u0101ta sv\u0113tku iecere, k\u0101 ar\u012b pl\u0101notais koncerts un dziesmu programma..<\/p>\n<p>R\u012bkot\u0101ju skaidrojumi un Maestro iebildumi<\/p>\n<p>\u0160\u012b gada nogal\u0113 publisk\u0101 telp\u0101 par\u0101d\u012bjusies inform\u0101cija, ka Raimonds Pauls iebilst pret vi\u0146a v\u0101rd\u0101 nosaukto Dziesmu sv\u0113tku r\u012bko\u0161anu, pau\u017eot, ka tas notiek &#8220;uz savu galvu&#8221; un bez vi\u0146a piekri\u0161anas.. Koncerta r\u012bkot\u0101ji, rea\u0123\u0113jot uz \u0161iem izteikumiem, izplat\u012bju\u0161i pazi\u0146ojumu, kur\u0101 skaidrots, ka galven\u0101 motiv\u0101cija pas\u0101kuma r\u012bko\u0161anai ir v\u0113lme godin\u0101t Maestro dai\u013cradi..<\/p>\n<p>Neskatoties uz Maestro iebildumiem, Zatlers raid\u012bjum\u0101 pauda p\u0101rliec\u012bbu, ka pas\u0101kums notiks. &#8220;Koncerts notiks, m\u0113s nemet\u012bsim plinti kr\u016bmos, izdar\u012bsim ies\u0101kto darbu l\u012bdz galam, k\u0101 tas bija iecer\u0113ts. Cilv\u0113ki var b\u016bt mier\u012bgi, koncerts notiks,&#8221; vi\u0146\u0161 aicin\u0101ja nerad\u012bt Maestro Paulam &#8220;liekus uztraukumus&#8221;..<\/p>\n<p>Pla\u0161ais v\u0113st\u012bjums un dal\u012bbnieku skaits<\/p>\n<p>Raimonda Paula Dziesmu sv\u0113tki &#8220;Manai dzimtenei&#8221; iecer\u0113ti k\u0101 v\u0113rien\u012bgs pas\u0101kums, kas pulc\u0113s vair\u0101k nek\u0101 13 000 dzied\u0101t\u0101ju no Latvijas un diasporas.. Tiek pl\u0101nots, ka piedal\u012bsies ar\u012b kori no diasporas, kuru skaits var\u0113tu sasniegt aptuveni 1500 dzied\u0101t\u0101ju.. Pas\u0101kuma rado\u0161aj\u0101 komand\u0101 iek\u013cauts idejas autors un m\u0101kslinieciskais vad\u012bt\u0101js J\u0101nis \u0136irsis, re\u017eisore Dita L\u016bri\u0146a, virsdiri\u0123ents M\u0101rti\u0146\u0161 Kli\u0161\u0101ns un scenogr\u0101fs M\u0101rti\u0146\u0161 Vilk\u0101rsis..<\/p>\n<p>Finans\u0113jums un bi\u013ce\u0161u tirdzniec\u012bba<\/p>\n<p>Valdis Zatlers skaidrojis, ka fonda &#8220;Manai dzimtenei&#8221; r\u012bkotie sv\u0113tki notiek bez valsts, pa\u0161vald\u012bbu vai cita veida \u0101r\u0113ja finans\u0113juma.. Ar\u012b dal\u012bbas maksa par piedal\u012b\u0161anos nav j\u0101maks\u0101.. Tom\u0113r bi\u013cetes uz pa\u0161u koncertu jau ir p\u0101rdo\u0161an\u0101, to cenas sv\u0101rst\u0101s no 35 l\u012bdz 150 eiro, bet l\u0113t\u0101k\u0101s \u2013 15 eiro \u2013 jau ir izp\u0101rdotas.. Bi\u013ce\u0161u tirdzniec\u012bba s\u0101k\u0101s jau 2025. gada mart\u0101..<\/p>\n<p>Dziesmas &#8220;Manai dzimtenei&#8221; v\u0113sturiskais konteksts<\/p>\n<p>Dziesma &#8220;Manai dzimtenei&#8221;, kas rad\u012bta 1972. gad\u0101 k\u0101 velt\u012bjums Dziesmu sv\u0113tku simtgadei, ir piedz\u012bvojusi da\u017e\u0101das attieksmes savas past\u0101v\u0113\u0161anas laik\u0101. Lai gan t\u0101 s\u0101kotn\u0113ji tika iek\u013cauta simtgades Dziesmu sv\u0113tku repertu\u0101r\u0101, padomju laik\u0101 t\u0101s saturs un popularit\u0101te tika uzskat\u012bta par trauc\u0113jo\u0161u, un t\u0101 tika izsv\u012btrota no 1973. gada Dziesmu sv\u0113tku dziesmu saraksta.. P\u0113c neatkar\u012bbas atjauno\u0161anas dziesma skan\u0113jusi vair\u0101ku Dziesmu sv\u0113tku nosl\u0113gum\u0101, k\u013c\u016bstot par tautas pa\u0161apzi\u0146as simbolu.. Tom\u0113r, k\u0101 nor\u0101d\u012bts, ar\u012b p\u0113c neatkar\u012bbas atg\u016b\u0161anas dziesmas popularit\u0101te un saturs k\u0101dam \u0161\u0137itis &#8220;trauc\u0113jo\u0161s&#8221;, k\u0101 rezult\u0101t\u0101 t\u0101 netika iek\u013cauta 1993., 2003. un 2013. gada Dziesmu sv\u0113tku programm\u0101s..<\/p>\n","protected":false},"excerpt":{"rendered":"S\u0101kotn\u0113j\u0101s konsult\u0101cijas ar Maestro Biju\u0161ais Latvijas Valsts prezidents Valdis Zatlers, kur\u0161 ir fonda &#8220;Manai dzimtenei&#8221; padomes loceklis, TV24&hellip;\n","protected":false},"author":2,"featured_media":91315,"comment_status":"","ping_status":"","sticky":false,"template":"","format":"standard","meta":{"footnotes":""},"categories":[19],"tags":[1660,89,7132,90,35,39,38,36,37,34,40,2672,7715],"class_list":{"0":"post-91314","1":"post","2":"type-post","3":"status-publish","4":"format-standard","5":"has-post-thumbnail","7":"category-izklaide","8":"tag-dziesmu-svetki","9":"tag-entertainment","10":"tag-fonds","11":"tag-izklaide","12":"tag-latvia","13":"tag-latvian","14":"tag-latviesu","15":"tag-latviesu-valoda","16":"tag-latviesuvaloda","17":"tag-latvija","18":"tag-lv","19":"tag-raimonds-pauls","20":"tag-valdis-zatlers"},"share_on_mastodon":{"url":"https:\/\/pubeurope.com\/@lv\/115817431857778904","error":""},"_links":{"self":[{"href":"https:\/\/www.europesays.com\/lv\/wp-json\/wp\/v2\/posts\/91314","targetHints":{"allow":["GET"]}}],"collection":[{"href":"https:\/\/www.europesays.com\/lv\/wp-json\/wp\/v2\/posts"}],"about":[{"href":"https:\/\/www.europesays.com\/lv\/wp-json\/wp\/v2\/types\/post"}],"author":[{"embeddable":true,"href":"https:\/\/www.europesays.com\/lv\/wp-json\/wp\/v2\/users\/2"}],"replies":[{"embeddable":true,"href":"https:\/\/www.europesays.com\/lv\/wp-json\/wp\/v2\/comments?post=91314"}],"version-history":[{"count":0,"href":"https:\/\/www.europesays.com\/lv\/wp-json\/wp\/v2\/posts\/91314\/revisions"}],"wp:featuredmedia":[{"embeddable":true,"href":"https:\/\/www.europesays.com\/lv\/wp-json\/wp\/v2\/media\/91315"}],"wp:attachment":[{"href":"https:\/\/www.europesays.com\/lv\/wp-json\/wp\/v2\/media?parent=91314"}],"wp:term":[{"taxonomy":"category","embeddable":true,"href":"https:\/\/www.europesays.com\/lv\/wp-json\/wp\/v2\/categories?post=91314"},{"taxonomy":"post_tag","embeddable":true,"href":"https:\/\/www.europesays.com\/lv\/wp-json\/wp\/v2\/tags?post=91314"}],"curies":[{"name":"wp","href":"https:\/\/api.w.org\/{rel}","templated":true}]}}