{"id":91322,"date":"2026-01-01T03:43:12","date_gmt":"2026-01-01T03:43:12","guid":{"rendered":"https:\/\/www.europesays.com\/lv\/91322\/"},"modified":"2026-01-01T03:43:12","modified_gmt":"2026-01-01T03:43:12","slug":"video-%e2%9f%a9-premjere-gadu-mijas-runa-mudina-nebaidities-no-nakotnes-un-tiekties-uz-izcilibu","status":"publish","type":"post","link":"https:\/\/www.europesays.com\/lv\/91322\/","title":{"rendered":"VIDEO \u27e9 Premjere gadu mijas run\u0101 mudina nebaid\u012bties no n\u0101kotnes un tiekties uz izcil\u012bbu"},"content":{"rendered":"<p>Vald\u012bbas vad\u012bt\u0101ja ar\u012b uzsv\u0113ra, ka Latvija gan k\u0101 valsts, gan t\u0101s cilv\u0113ki ir kop\u0101 ar Ukrainu, jo skaidri zina &#8211; tas ir par m\u016bsu kop\u0113jo dro\u0161\u012bbu un v\u0113rt\u012bb\u0101m, ko aizst\u0101vam.<\/p>\n<p>Sili\u0146a uzsv\u0113ra, ka netaisn\u012bbai m\u016bsu sabiedr\u012bb\u0101 nav vietas, t\u0101pat k\u0101 vardarb\u012bbai nav vietas \u0123imen\u0113s, skol\u0101s, darba viet\u0101s, internet\u0101 un nekur citur. &#8220;\u0122imenes, kas p\u0113c vair\u0101kiem gadiem atgrie\u017eas Latvij\u0101, nereti saka: &#8220;M\u0113s gribam, lai b\u0113rni j\u016bt, kur ir vi\u0146u m\u0101jas!&#8221; Tie\u0161i tas ir m\u016bsu m\u0113r\u0137is. Latvija ir vieta, kur mums visiem, lai cik da\u017e\u0101di esam, kop\u0101 b\u016bt,&#8221; apgalvoja Sili\u0146a.<\/p>\n<p>Vi\u0146a pauda, ka kop\u0101 tiek str\u0101d\u0101ts, lai uzlabotu un vienk\u0101r\u0161otu dz\u012bvi iedz\u012bvot\u0101jiem un uz\u0146\u0113m\u0113jiem. Kop\u0101 veiktas p\u0101rmai\u0146as m\u016bsu b\u0113rnu izgl\u012bt\u012bb\u0101 un tiek mazin\u0101ta nevienl\u012bdz\u012bbu sabiedr\u012bb\u0101.<\/p>\n<p>Premjere ar\u012b izc\u0113la, ka m\u016bsu uz\u0146\u0113m\u0113ji ir l\u012bderi digit\u0101lo r\u012bku un tehnolo\u0123iju att\u012bst\u012bb\u0101. &#8220;Bet kop\u0101 m\u016bsu uzdevums ir ar\u012b ikdien\u0101 iest\u0101ties par b\u016btisko, par\u016bp\u0113ties vienam par otru &#8211; atbild\u012bgi un ar cie\u0146u,&#8221; sac\u012bja Sili\u0146a.<\/p>\n<p>Nov\u0113lot laim\u012bgu Jauno gadu, vald\u012bbas vad\u012bt\u0101ja uzsv\u0113ra, ka m\u0113s varam, ja gribam un dar\u0101m. To pier\u0101dot Nacion\u0101l\u0101s bibliot\u0113kas tap\u0161anas st\u0101sts.<\/p>\n<p>&#8220;P\u0101r\u0161\u0137irsim jaun\u0101 gada lappusi ar ap\u0146\u0113m\u012bbu un p\u0101rliec\u012bbu &#8211; kop\u0101 m\u0113s sp\u0113jam daudz,&#8221; mudin\u0101ja Sili\u0146a.<\/p>\n","protected":false},"excerpt":{"rendered":"Vald\u012bbas vad\u012bt\u0101ja ar\u012b uzsv\u0113ra, ka Latvija gan k\u0101 valsts, gan t\u0101s cilv\u0113ki ir kop\u0101 ar Ukrainu, jo skaidri&hellip;\n","protected":false},"author":2,"featured_media":91323,"comment_status":"","ping_status":"","sticky":false,"template":"","format":"standard","meta":{"footnotes":""},"categories":[5],"tags":[23,28,29,1249,32,33,22,18259,30,31,35,39,38,36,37,34,40,20,26,27,24,25,21],"class_list":{"0":"post-91322","1":"post","2":"type-post","3":"status-publish","4":"format-standard","5":"has-post-thumbnail","7":"category-aktualitates","8":"tag-aktualitates","9":"tag-breaking-news","10":"tag-breakingnews","11":"tag-evika-silina","12":"tag-featured-news","13":"tag-featurednews","14":"tag-headlines","15":"tag-jaunais-gads","16":"tag-latest-news","17":"tag-latestnews","18":"tag-latvia","19":"tag-latvian","20":"tag-latviesu","21":"tag-latviesu-valoda","22":"tag-latviesuvaloda","23":"tag-latvija","24":"tag-lv","25":"tag-news","26":"tag-popularakas-zinas","27":"tag-popularakaszinas","28":"tag-top-stories","29":"tag-topstories","30":"tag-zinas"},"share_on_mastodon":{"url":"https:\/\/pubeurope.com\/@lv\/115817781871447814","error":""},"_links":{"self":[{"href":"https:\/\/www.europesays.com\/lv\/wp-json\/wp\/v2\/posts\/91322","targetHints":{"allow":["GET"]}}],"collection":[{"href":"https:\/\/www.europesays.com\/lv\/wp-json\/wp\/v2\/posts"}],"about":[{"href":"https:\/\/www.europesays.com\/lv\/wp-json\/wp\/v2\/types\/post"}],"author":[{"embeddable":true,"href":"https:\/\/www.europesays.com\/lv\/wp-json\/wp\/v2\/users\/2"}],"replies":[{"embeddable":true,"href":"https:\/\/www.europesays.com\/lv\/wp-json\/wp\/v2\/comments?post=91322"}],"version-history":[{"count":0,"href":"https:\/\/www.europesays.com\/lv\/wp-json\/wp\/v2\/posts\/91322\/revisions"}],"wp:featuredmedia":[{"embeddable":true,"href":"https:\/\/www.europesays.com\/lv\/wp-json\/wp\/v2\/media\/91323"}],"wp:attachment":[{"href":"https:\/\/www.europesays.com\/lv\/wp-json\/wp\/v2\/media?parent=91322"}],"wp:term":[{"taxonomy":"category","embeddable":true,"href":"https:\/\/www.europesays.com\/lv\/wp-json\/wp\/v2\/categories?post=91322"},{"taxonomy":"post_tag","embeddable":true,"href":"https:\/\/www.europesays.com\/lv\/wp-json\/wp\/v2\/tags?post=91322"}],"curies":[{"name":"wp","href":"https:\/\/api.w.org\/{rel}","templated":true}]}}