{"id":91328,"date":"2026-01-01T03:50:19","date_gmt":"2026-01-01T03:50:19","guid":{"rendered":"https:\/\/www.europesays.com\/lv\/91328\/"},"modified":"2026-01-01T03:50:19","modified_gmt":"2026-01-01T03:50:19","slug":"samanta-tina-nonem-laulibas-gredzenu-publiski-noradot-uz-parmainam-privataja-dzive-lente-lv","status":"publish","type":"post","link":"https:\/\/www.europesays.com\/lv\/91328\/","title":{"rendered":"Samanta T\u012bna no\u0146em laul\u012bbas gredzenu, publiski nor\u0101dot uz p\u0101rmai\u0146\u0101m priv\u0101taj\u0101 dz\u012bv\u0113\u00a0\u2014\u00a0Lente.lv"},"content":{"rendered":"<p>Sabiedr\u012bba rea\u0123\u0113 uz Samantas T\u012bnas public\u0113to video<\/p>\n<p>Dzied\u0101t\u0101ja Samanta T\u012bna 30. decembr\u012b soci\u0101laj\u0101 t\u012bkl\u0101 \u201cInstagram\u201d public\u0113jusi video, kas rad\u012bjis pla\u0161u rezonansi sabiedr\u012bb\u0101. Klip\u0101 dzied\u0101t\u0101ja novelk savu laul\u012bbas gredzenu, pievienojot virsrakstu &#8220;Ne visi ir tie, par ko s\u0101kotn\u0113ji izliekas&#8230; Agresijas jebkura izpausme nav pamats dro\u0161\u012bbai! L\u016bdzu, cieniet manu priv\u0101tumu, s\u012bk\u0101kus koment\u0101rus nesnieg\u0161u nevienam.&#8221; K\u0101 inform\u0113 port\u0101ls jauns.lv, video dzied\u0101t\u0101jas rokas ir tuvpl\u0101n\u0101, un vi\u0146a demonstrat\u012bvi no\u0146em gredzenu, noliek uz galda un dodas prom. Fon\u0101 skan simboliska dziesma &#8220;I forgive you for me&#8221;, kas tulkojum\u0101 noz\u012bm\u0113 &#8220;Es tev piedodu, lai atbr\u012bvotu sevi.&#8221; <\/p>\n<p>Simboliskais \u017eests un priv\u0101tuma l\u016bgums<\/p>\n<p>\u0160is publiskais \u017eests bie\u017ei vien tiek interpret\u0113ts k\u0101 laul\u012bbas izbeig\u0161an\u0101s vai nopietnu probl\u0113mu sign\u0101ls attiec\u012bb\u0101s. Lai gan Samanta T\u012bna nav sniegusi nek\u0101dus papildu koment\u0101rus par savu l\u0113mumu, vi\u0146a ir nor\u0101d\u012bjusi, ka koment\u0113\u0161anas funkcija zem public\u0113t\u0101 ieraksta ir atsl\u0113gta. Tas liecina par vi\u0146as v\u0113lmi saglab\u0101t priv\u0101tumu \u0161aj\u0101 jaut\u0101jum\u0101. Video ir guvis atbalstu no vair\u0101k nek\u0101 diviem t\u016bksto\u0161iem cilv\u0113ku, kuri ierakstu atz\u012bm\u0113ju\u0161i ar &#8220;pat\u012bk&#8221;.<\/p>\n<p>Iepriek\u0161\u0113j\u0101s attiec\u012bbas un publiskais t\u0113ls<\/p>\n<p>Pirms diviem gadiem, 2023. gada nogal\u0113, Samanta T\u012bna apprec\u0113j\u0101s ar Art\u016bru, un 29. decembr\u012b tika atz\u012bm\u0113ta vi\u0146u otr\u0101 k\u0101zu jubileja. Dzied\u0101t\u0101ja savu person\u012bgo dz\u012bvi parasti nekoment\u0113 pla\u0161\u0101k. Iepriek\u0161 vi\u0146ai bija attiec\u012bbas ar Nauri Liepi\u0146u, par kuru \u0161\u0137ir\u0161anos vi\u0146a publiski pazi\u0146oja 2020. gad\u0101. Taj\u0101 laik\u0101 vi\u0146a atzina, ka ir gr\u016bti b\u016bt vienai, ta\u010du cent\u0101s koncentr\u0113ties uz karjeru un sav\u0101m amb\u012bcij\u0101m. Vi\u0146a gan pie\u013c\u0101va iesp\u0113ju, ka ar Nauri joproj\u0101m str\u0101d\u0101 pie attiec\u012bb\u0101m. V\u0113l\u0101k publiski k\u013cuva zin\u0101ms par vi\u0146as attiec\u012bb\u0101m ar Art\u016bru.<\/p>\n<p>Sabiedr\u012bbas spekul\u0101cijas un aizkadaru runas<\/p>\n<p>Aizvad\u012btajos m\u0113ne\u0161os sabiedr\u012bb\u0101 jau kl\u012bda runas par iesp\u0113jam\u0101m probl\u0113m\u0101m dzied\u0101t\u0101jas laul\u012bb\u0101, jo vi\u0146as v\u012brs vairs nebija man\u0101ms publiskos pas\u0101kumos, k\u0101 ar\u012b Samantas soci\u0101lo t\u012bklu ierakstos. Uz jaut\u0101jumiem par dz\u012bvesbiedra promb\u016btni decembr\u012b Samanta \u017eurn\u0101lam &#8220;Priv\u0101t\u0101 dz\u012bve&#8221; atbild\u0113ja, ka vi\u0146\u0161 ir aiz\u0146emts darb\u0101. Tom\u0113r public\u0113tais video liek noprast, ka attiec\u012bb\u0101s notiku\u0161as nopietnas p\u0101rmai\u0146as. Ar\u012b citi sabiedr\u012bb\u0101 zin\u0101mi p\u0101ri 2025. gad\u0101 ir iz\u0161\u0137\u012bru\u0161ies, liecinot par sare\u017e\u0123\u012btu gadu attiec\u012bbu zi\u0146\u0101.<\/p>\n","protected":false},"excerpt":{"rendered":"Sabiedr\u012bba rea\u0123\u0113 uz Samantas T\u012bnas public\u0113to video Dzied\u0101t\u0101ja Samanta T\u012bna 30. decembr\u012b soci\u0101laj\u0101 t\u012bkl\u0101 \u201cInstagram\u201d public\u0113jusi video, kas&hellip;\n","protected":false},"author":2,"featured_media":91329,"comment_status":"","ping_status":"","sticky":false,"template":"","format":"standard","meta":{"footnotes":""},"categories":[19],"tags":[89,174,90,35,39,38,4708,36,37,34,23003,40,7222,3434],"class_list":{"0":"post-91328","1":"post","2":"type-post","3":"status-publish","4":"format-standard","5":"has-post-thumbnail","7":"category-izklaide","8":"tag-entertainment","9":"tag-instagram","10":"tag-izklaide","11":"tag-latvia","12":"tag-latvian","13":"tag-latviesu","14":"tag-latviesu-muziki","15":"tag-latviesu-valoda","16":"tag-latviesuvaloda","17":"tag-latvija","18":"tag-laulibas-gredzens","19":"tag-lv","20":"tag-samanta-tina","21":"tag-skirsanas"},"share_on_mastodon":{"url":"https:\/\/pubeurope.com\/@lv\/115817809367114043","error":""},"_links":{"self":[{"href":"https:\/\/www.europesays.com\/lv\/wp-json\/wp\/v2\/posts\/91328","targetHints":{"allow":["GET"]}}],"collection":[{"href":"https:\/\/www.europesays.com\/lv\/wp-json\/wp\/v2\/posts"}],"about":[{"href":"https:\/\/www.europesays.com\/lv\/wp-json\/wp\/v2\/types\/post"}],"author":[{"embeddable":true,"href":"https:\/\/www.europesays.com\/lv\/wp-json\/wp\/v2\/users\/2"}],"replies":[{"embeddable":true,"href":"https:\/\/www.europesays.com\/lv\/wp-json\/wp\/v2\/comments?post=91328"}],"version-history":[{"count":0,"href":"https:\/\/www.europesays.com\/lv\/wp-json\/wp\/v2\/posts\/91328\/revisions"}],"wp:featuredmedia":[{"embeddable":true,"href":"https:\/\/www.europesays.com\/lv\/wp-json\/wp\/v2\/media\/91329"}],"wp:attachment":[{"href":"https:\/\/www.europesays.com\/lv\/wp-json\/wp\/v2\/media?parent=91328"}],"wp:term":[{"taxonomy":"category","embeddable":true,"href":"https:\/\/www.europesays.com\/lv\/wp-json\/wp\/v2\/categories?post=91328"},{"taxonomy":"post_tag","embeddable":true,"href":"https:\/\/www.europesays.com\/lv\/wp-json\/wp\/v2\/tags?post=91328"}],"curies":[{"name":"wp","href":"https:\/\/api.w.org\/{rel}","templated":true}]}}