{"id":91334,"date":"2026-01-01T04:01:11","date_gmt":"2026-01-01T04:01:11","guid":{"rendered":"https:\/\/www.europesays.com\/lv\/91334\/"},"modified":"2026-01-01T04:01:11","modified_gmt":"2026-01-01T04:01:11","slug":"sniega-un-apledojuma-del-daudzviet-latvija-apgrutinata-satiksme-1188-lv","status":"publish","type":"post","link":"https:\/\/www.europesays.com\/lv\/91334\/","title":{"rendered":"Sniega un apledojuma d\u0113\u013c daudzviet Latvij\u0101 apgr\u016btin\u0101ta satiksme &#8211; 1188.lv"},"content":{"rendered":"<ol>\n<li><a href=\"https:\/\/news.google.com\/rss\/articles\/CBMimwFBVV95cUxPQ3ZHZ2JKXzhWSFpRSmZranhucDhSRTlKb1VxWEVRVy1FTFVVWWFpY1k0aVRUaWF0QnlpSVIzVUxsR3l5UlB5MFdYRzkwRVZYTHZfU2NYMTFTSWx4ZnhTS3RpYkJJb0JiZENYaGxSSE9uMXo2YVR4cFJOeDQtX2YxZHdZZlZDeXIySk1XX2RYbGQ4My16WG15UkQ5QQ?oc=5\" target=\"_blank\" rel=\"nofollow noopener\">Sniega un apledojuma d\u0113\u013c daudzviet Latvij\u0101 apgr\u016btin\u0101ta satiksme<\/a>&nbsp;&nbsp;1188.lv<\/li>\n<li><a href=\"https:\/\/news.google.com\/rss\/articles\/CBMiuwFBVV95cUxNcXVQbzFIbXdud3owZlMxekJ3TEVLRWhVYXlHakgxNFB3LXk1ZXNSUW12QzM4alpWVGFEcUNzVDRKV29VWGppMTlIWmxXSzFtVnZqVWYyZzJKV2d3MDMzYW5mRDdSQ3dpbFlHRnZvRkRva2xvZUEyd3V1R0dreUMyZ2wzWk10R1JJZXpnS1F6R0U2cFZ3UlQzdXR1SkVxaFJib3J3dEZLdlZ0cUpXb1Q0U0t5Tk5SVE82M0l3?oc=5\" target=\"_blank\" rel=\"nofollow noopener\">\u0160or\u012bt daudzviet Latvij\u0101 autoce\u013ci sniegoti un apledo, str\u0101d\u0101 157 ziemas tehnikas vien\u012bbas<\/a>&nbsp;&nbsp;Latvijas Valsts ce\u013ci<\/li>\n<li><a href=\"https:\/\/news.google.com\/rss\/articles\/CBMipgFBVV95cUxNOWlOdERWakdFSFZWU0VOU1F4U1hiVlN6alVxUDN1NWxVLW5sd25zOHh4ZWo2dDYtSml4dWZxSW9EM3Rnd2R6ZVpqc05ZU3NneDF0YmN0UUdRdkxCeHJrYUxfTU1KbkZiREhtanVzbWt1R3ZVeUt1dzlFdlBWX3FlcFFuRGxnUkFzM19Rcm5HYW9PakJXdlI0b1gyaTFha0ZnSjd2alBn?oc=5\" target=\"_blank\" rel=\"nofollow noopener\">Autovad\u012bt\u0101ju iev\u0113r\u012bbai: visslikt\u0101kie brauk\u0161anas apst\u0101k\u013ci ir Kurzem\u0113<\/a>&nbsp;&nbsp;Jauns.lv<\/li>\n<li><a href=\"https:\/\/news.google.com\/rss\/articles\/CBMihgFBVV95cUxObjZvaWloRjVzang5UGlnMnJJSHUyUmt2ZG9XdFdackRUNVprTkJIMDN0MFNENF9pNGRYeGYtaWUwVkdCLWJlU1FlSVhOdUZYV182b3NRakNyR2JUdkxZQW9EQWlGMzg4VnMxc2M0bV84NU12V3dTazVjQWtRTjVrSlBNUTE1dw?oc=5\" target=\"_blank\" rel=\"nofollow noopener\">Sniegs un apledojums daudzviet apgr\u016btina brauk\u0161anu<\/a>&nbsp;&nbsp;TVNET<\/li>\n<li><a href=\"https:\/\/news.google.com\/rss\/articles\/CBMipwFBVV95cUxQN1FuX1RaWDFlR0VZcmV2cGxLVGtIdmpMOGw3ZW5UNVBrU1otRENPaFZVRWNNSTZDVEowSEFxU3JSWTZRWFdDdE1rUFpERFNEbGpGMEFGVEtEd1V0WmN2N0VCWUNZNUp2em1lNjZEbzdDa3RfQkVpSTNIdEIyWDhQSGpCUlgtZnBXS1dPclNqYzMzQW9sclJ4Mjhvb2lVUU1FUEt4ekRrQQ?oc=5\" target=\"_blank\" rel=\"nofollow noopener\">Svar\u012bga inform\u0101cija \u0161oferiem: kuros autoce\u013cos \u0161obr\u012bd ir apmierino\u0161i brauk\u0161anas apst\u0101k\u013ci?<\/a>&nbsp;&nbsp;LA.LV<\/li>\n<\/ol>\n","protected":false},"excerpt":{"rendered":"Sniega un apledojuma d\u0113\u013c daudzviet Latvij\u0101 apgr\u016btin\u0101ta satiksme&nbsp;&nbsp;1188.lv \u0160or\u012bt daudzviet Latvij\u0101 autoce\u013ci sniegoti un apledo, str\u0101d\u0101 157 ziemas&hellip;\n","protected":false},"author":2,"featured_media":91335,"comment_status":"","ping_status":"","sticky":false,"template":"","format":"standard","meta":{"footnotes":""},"categories":[5],"tags":[129,4274,23007,23,28,29,32,33,22,30,31,35,39,38,36,37,34,40,20,26,27,4275,23008,4276,23009,24,25,21],"class_list":{"0":"post-91334","1":"post","2":"type-post","3":"status-publish","4":"format-standard","5":"has-post-thumbnail","7":"category-aktualitates","8":"tag-__typenameadvicekeyword","9":"tag-id558","10":"tag-id565","11":"tag-aktualitates","12":"tag-breaking-news","13":"tag-breakingnews","14":"tag-featured-news","15":"tag-featurednews","16":"tag-headlines","17":"tag-latest-news","18":"tag-latestnews","19":"tag-latvia","20":"tag-latvian","21":"tag-latviesu","22":"tag-latviesu-valoda","23":"tag-latviesuvaloda","24":"tag-latvija","25":"tag-lv","26":"tag-news","27":"tag-popularakas-zinas","28":"tag-popularakaszinas","29":"tag-slugcelu-satiksme","30":"tag-slugsniegs","31":"tag-titlecelu-satiksme","32":"tag-titlesniegs","33":"tag-top-stories","34":"tag-topstories","35":"tag-zinas"},"share_on_mastodon":{"url":"https:\/\/pubeurope.com\/@lv\/115817852630430795","error":""},"_links":{"self":[{"href":"https:\/\/www.europesays.com\/lv\/wp-json\/wp\/v2\/posts\/91334","targetHints":{"allow":["GET"]}}],"collection":[{"href":"https:\/\/www.europesays.com\/lv\/wp-json\/wp\/v2\/posts"}],"about":[{"href":"https:\/\/www.europesays.com\/lv\/wp-json\/wp\/v2\/types\/post"}],"author":[{"embeddable":true,"href":"https:\/\/www.europesays.com\/lv\/wp-json\/wp\/v2\/users\/2"}],"replies":[{"embeddable":true,"href":"https:\/\/www.europesays.com\/lv\/wp-json\/wp\/v2\/comments?post=91334"}],"version-history":[{"count":0,"href":"https:\/\/www.europesays.com\/lv\/wp-json\/wp\/v2\/posts\/91334\/revisions"}],"wp:featuredmedia":[{"embeddable":true,"href":"https:\/\/www.europesays.com\/lv\/wp-json\/wp\/v2\/media\/91335"}],"wp:attachment":[{"href":"https:\/\/www.europesays.com\/lv\/wp-json\/wp\/v2\/media?parent=91334"}],"wp:term":[{"taxonomy":"category","embeddable":true,"href":"https:\/\/www.europesays.com\/lv\/wp-json\/wp\/v2\/categories?post=91334"},{"taxonomy":"post_tag","embeddable":true,"href":"https:\/\/www.europesays.com\/lv\/wp-json\/wp\/v2\/tags?post=91334"}],"curies":[{"name":"wp","href":"https:\/\/api.w.org\/{rel}","templated":true}]}}