{"id":91341,"date":"2026-01-01T04:13:12","date_gmt":"2026-01-01T04:13:12","guid":{"rendered":"https:\/\/www.europesays.com\/lv\/91341\/"},"modified":"2026-01-01T04:13:12","modified_gmt":"2026-01-01T04:13:12","slug":"vecgada-vakara-avarija-uz-liepajas-sosejas-bloketa-satiksme","status":"publish","type":"post","link":"https:\/\/www.europesays.com\/lv\/91341\/","title":{"rendered":"Vecgada vakar\u0101 av\u0101rija uz Liep\u0101jas \u0161osejas \u2013 blo\u0137\u0113ta satiksme"},"content":{"rendered":"<p class=\"lead mb-md-2 mb-1 js-tv3-orphus\">Negad\u012bjuma d\u0113\u013c blo\u0137\u0113ta satiksme uz Liep\u0101jas \u0161osejas (A9) Valgundes pagast\u0101 net\u0101lu no T\u012bre\u013ciem, v\u0113sta VAS \u201cLatvijas valsts ce\u013ci\u201d.\n<\/p>\n<p>                            Atjaunots<br \/>\n            2025. gada 31. decembr\u012b 20:19\n    <\/p>\n<p>Ce\u013cu satiksmes negad\u012bjums noticis Liep\u0101jas \u0161osejas 28.-29. kilometr\u0101.<\/p>\n<p>Apbrauk\u0161ana iesp\u0113jama pa autoce\u013cu Kalnciems-Kai\u0123i (V1091), Kalnciems-L\u012bvb\u0113rze (V1064) un Jelgava (Tu\u0161\u0137i)-Tukums (P98).<\/p>\n<p>Valsts policij\u0101 a\u0123ent\u016brai LETA pav\u0113st\u012bja, ka tre\u0161dien ir sa\u0146emta inform\u0101cija, ka Jelgavas novada Valgundes pagast\u0101 uz Liep\u0101jas \u0161osejas noticis ce\u013cu satiksmes negad\u012bjums, kur\u0101 iesaist\u012btas divas automa\u0161\u012bnas.<\/p>\n","protected":false},"excerpt":{"rendered":"Negad\u012bjuma d\u0113\u013c blo\u0137\u0113ta satiksme uz Liep\u0101jas \u0161osejas (A9) Valgundes pagast\u0101 net\u0101lu no T\u012bre\u013ciem, v\u0113sta VAS \u201cLatvijas valsts ce\u013ci\u201d.&hellip;\n","protected":false},"author":2,"featured_media":91342,"comment_status":"","ping_status":"","sticky":false,"template":"","format":"standard","meta":{"footnotes":""},"categories":[5],"tags":[23,28,29,32,33,22,30,31,35,39,38,36,37,34,23010,40,20,26,27,24,25,21],"class_list":{"0":"post-91341","1":"post","2":"type-post","3":"status-publish","4":"format-standard","5":"has-post-thumbnail","7":"category-aktualitates","8":"tag-aktualitates","9":"tag-breaking-news","10":"tag-breakingnews","11":"tag-featured-news","12":"tag-featurednews","13":"tag-headlines","14":"tag-latest-news","15":"tag-latestnews","16":"tag-latvia","17":"tag-latvian","18":"tag-latviesu","19":"tag-latviesu-valoda","20":"tag-latviesuvaloda","21":"tag-latvija","22":"tag-liepajas-sosejavalsts-policija","23":"tag-lv","24":"tag-news","25":"tag-popularakas-zinas","26":"tag-popularakaszinas","27":"tag-top-stories","28":"tag-topstories","29":"tag-zinas"},"share_on_mastodon":{"url":"https:\/\/pubeurope.com\/@lv\/115817899783289327","error":""},"_links":{"self":[{"href":"https:\/\/www.europesays.com\/lv\/wp-json\/wp\/v2\/posts\/91341","targetHints":{"allow":["GET"]}}],"collection":[{"href":"https:\/\/www.europesays.com\/lv\/wp-json\/wp\/v2\/posts"}],"about":[{"href":"https:\/\/www.europesays.com\/lv\/wp-json\/wp\/v2\/types\/post"}],"author":[{"embeddable":true,"href":"https:\/\/www.europesays.com\/lv\/wp-json\/wp\/v2\/users\/2"}],"replies":[{"embeddable":true,"href":"https:\/\/www.europesays.com\/lv\/wp-json\/wp\/v2\/comments?post=91341"}],"version-history":[{"count":0,"href":"https:\/\/www.europesays.com\/lv\/wp-json\/wp\/v2\/posts\/91341\/revisions"}],"wp:featuredmedia":[{"embeddable":true,"href":"https:\/\/www.europesays.com\/lv\/wp-json\/wp\/v2\/media\/91342"}],"wp:attachment":[{"href":"https:\/\/www.europesays.com\/lv\/wp-json\/wp\/v2\/media?parent=91341"}],"wp:term":[{"taxonomy":"category","embeddable":true,"href":"https:\/\/www.europesays.com\/lv\/wp-json\/wp\/v2\/categories?post=91341"},{"taxonomy":"post_tag","embeddable":true,"href":"https:\/\/www.europesays.com\/lv\/wp-json\/wp\/v2\/tags?post=91341"}],"curies":[{"name":"wp","href":"https:\/\/api.w.org\/{rel}","templated":true}]}}