{"id":91343,"date":"2026-01-01T04:14:04","date_gmt":"2026-01-01T04:14:04","guid":{"rendered":"https:\/\/www.europesays.com\/lv\/91343\/"},"modified":"2026-01-01T04:14:04","modified_gmt":"2026-01-01T04:14:04","slug":"sova-masas-sievas-zvaigzne-kristine-brauna-atklaj-negaiditu-radniecibu-ar-bijuso-viru-kodiju-lente-lv","status":"publish","type":"post","link":"https:\/\/www.europesays.com\/lv\/91343\/","title":{"rendered":"\u0160ova &#8220;M\u0101sas sievas&#8221; zvaigzne Krist\u012bne Brauna atkl\u0101j negaid\u012btu radniec\u012bbu ar biju\u0161o v\u012bru Kodiju\u00a0\u2014\u00a0Lente.lv"},"content":{"rendered":"<p>Neiedom\u0101jams atkl\u0101jums s\u0113rij\u0101<\/p>\n<p>K\u0101 zi\u0146o telekan\u0101ls TV3, \u0161ova \u201cM\u0101sas sievas\u201d bijus\u012b dal\u012bbniece Krist\u012bne Brauna jaun\u0101kaj\u0101s s\u0113rij\u0101s atkl\u0101jusi p\u0101rsteidzo\u0161u faktu par sav\u0101m attiec\u012bb\u0101m ar biju\u0161o v\u012bru Kodiju Braunu. Neraugoties uz vi\u0146u laul\u012bbas \u0161\u0137ir\u0161anu, izr\u0101d\u0101s, ka vi\u0146i ir ne tikai kop\u012bgu b\u0113rnu vec\u0101ki, bet ar\u012b att\u0101li asinsradinieki. Krist\u012bne, kura tagad ir 53 gadus veca, sarun\u0101 ar savu pa\u0161reiz\u0113jo v\u012bru Deividu V\u016bliju (David Woolley) paskaidrojusi, ka vi\u0146i ar Kodiju ir \u201ctre\u0161\u0101s pak\u0101pes br\u0101l\u0113ni, reiz atsve\u0161in\u0101ti\u201d.<\/p>\n<p>Polig\u0101mo kopienu ietekme uz \u0123imenes sait\u0113m<\/p>\n<p>Krist\u012bne Brauna skaidrojusi, ka vi\u0146as b\u0113rn\u012bba aizrit\u0113jusi polig\u0101mas \u0123imenes strukt\u016br\u0101, kur\u0101 \u0161\u0101das radniec\u012bbas nav biju\u0161as neierastas. Vi\u0146a nor\u0101d\u012bjusi, ka \u201ccilv\u0113ki, kuri piekopj polig\u0101miju ir \u0161aurs sabiedr\u012bbas loks\u201d, un t\u0101p\u0113c bie\u017ei vien att\u012bst\u0101s krustotas \u0123imenes saites. Pati Krist\u012bne paredz\u0113jusi, ka vi\u0146ai n\u0101ksies prec\u0113ties ar \u201ckonvert\u012btu\u201d, lai izvair\u012btos no prec\u0113\u0161an\u0101s ar k\u0101du jau eso\u0161u radinieku sav\u0101 ciltslok\u0101. Tom\u0113r, k\u0101 izr\u0101d\u012bjies, pat \u0161\u012b strat\u0113\u0123ija nav piln\u012bb\u0101 pasarg\u0101jusi vi\u0146u no radniec\u012bbas sait\u0113m ar Kodiju. Vi\u0146a smejoties piebildusi, ka \u201cpolig\u0101mija nav at\u013cauta ar likumu, bet romantiskas attiec\u012bbas ar tre\u0161\u0101s pak\u0101pes radinieku ir at\u013cautas\u201d.<\/p>\n<p>Radniec\u012bbas deta\u013cas un attiec\u012bbu dinamika<\/p>\n<p>Lai gan Kodijs un Krist\u012bne Brauns gar\u012bgaj\u0101 savien\u012bb\u0101 bija kop\u0161 1994. gada l\u012bdz 2021. gadam, vi\u0146u att\u0101l\u0101s radniec\u012bbas saites iepriek\u0161 nav biju\u0161as pla\u0161i zin\u0101mas. Janelle Brauna, viena no Kodija biju\u0161aj\u0101m siev\u0101m un Krist\u012bnes tuva draudzene, atkl\u0101jusi, ka vi\u0146u radniec\u012bba bijusi tik t\u0101la, ka t\u0101 vair\u0101k izpaudusies k\u0101 \u0123imenes joks, nevis k\u0101 nopietns radu sai\u0161u stiprin\u0101jums. \u201cTas nebija t\u0101ds attiec\u012bbu veids, kur\u0101 j\u016bs redz\u0113tu viens otru \u0123imenes salidojumos,\u201d skaidrojusi Janelle, piebilstot, ka tas bijis \u201c\u013coti att\u0101ls sakars\u201d. Krist\u012bne nesl\u0113pj, ka vi\u0146a un Kodijs ir \u201ctre\u0161\u0101s pak\u0101pes br\u0101l\u0113ni, reiz atsve\u0161in\u0101ti\u201d (third cousins once removed).<\/p>\n<p>Jauna dz\u012bve un jaunas realit\u0101tes<\/p>\n<p>Kop\u0161 aizie\u0161anas no Kodija Brauna un polig\u0101mas dz\u012bves, Krist\u012bne Brauna ir uzs\u0101kusi jaunu dz\u012bvi kop\u0101 ar savu v\u012bru Deividu V\u016bliju, ar kuru kop\u0161 2022. gada dz\u012bvo monog\u0101m\u0101 laul\u012bb\u0101. Vi\u0146a ir ar\u012b izdevusi autobiogr\u0101fisku gr\u0101matu \u201cSister Wife: A Memoir Of Faith, Family And Finding Freedom\u201d, kur\u0101 atkl\u0101j aizkulises par savu dz\u012bvi, \u0161ovu un attiec\u012bb\u0101m. Gr\u0101mat\u0101 vi\u0146a ar\u012b pieskaras savai c\u012b\u0146ai ar atkar\u012bbu no prets\u0101pju z\u0101l\u0113m p\u0113c ce\u013cgala oper\u0101cijas. Neskatoties uz biju\u0161\u0101 v\u012bra radniec\u012bbu, Krist\u012bnes dz\u012bve ir devusies jaun\u0101 virzien\u0101, fokus\u0113joties uz person\u012bgo br\u012bv\u012bbu un jaun\u0101m iesp\u0113j\u0101m, tostarp nekustamo \u012bpa\u0161umu biznes\u0101 ar savu jauno v\u012bru. Vi\u0146a ar\u012b ir izteikusi viedokli par emocion\u0101lo teroru, ko, p\u0113c vi\u0146as un Janelles teikt\u0101, pieredz\u0113ts no Kodija.<\/p>\n","protected":false},"excerpt":{"rendered":"Neiedom\u0101jams atkl\u0101jums s\u0113rij\u0101 K\u0101 zi\u0146o telekan\u0101ls TV3, \u0161ova \u201cM\u0101sas sievas\u201d bijus\u012b dal\u012bbniece Krist\u012bne Brauna jaun\u0101kaj\u0101s s\u0113rij\u0101s atkl\u0101jusi p\u0101rsteidzo\u0161u&hellip;\n","protected":false},"author":2,"featured_media":91344,"comment_status":"","ping_status":"","sticky":false,"template":"","format":"standard","meta":{"footnotes":""},"categories":[19],"tags":[23011,89,90,19233,19234,35,39,38,36,37,34,40,19232,19235],"class_list":{"0":"post-91343","1":"post","2":"type-post","3":"status-publish","4":"format-standard","5":"has-post-thumbnail","7":"category-izklaide","8":"tag-asinsradnieciba","9":"tag-entertainment","10":"tag-izklaide","11":"tag-kodijs-brauns","12":"tag-kristine-brauna","13":"tag-latvia","14":"tag-latvian","15":"tag-latviesu","16":"tag-latviesu-valoda","17":"tag-latviesuvaloda","18":"tag-latvija","19":"tag-lv","20":"tag-masas-sievas","21":"tag-poligamija"},"share_on_mastodon":{"url":"https:\/\/pubeurope.com\/@lv\/115817903738058365","error":""},"_links":{"self":[{"href":"https:\/\/www.europesays.com\/lv\/wp-json\/wp\/v2\/posts\/91343","targetHints":{"allow":["GET"]}}],"collection":[{"href":"https:\/\/www.europesays.com\/lv\/wp-json\/wp\/v2\/posts"}],"about":[{"href":"https:\/\/www.europesays.com\/lv\/wp-json\/wp\/v2\/types\/post"}],"author":[{"embeddable":true,"href":"https:\/\/www.europesays.com\/lv\/wp-json\/wp\/v2\/users\/2"}],"replies":[{"embeddable":true,"href":"https:\/\/www.europesays.com\/lv\/wp-json\/wp\/v2\/comments?post=91343"}],"version-history":[{"count":0,"href":"https:\/\/www.europesays.com\/lv\/wp-json\/wp\/v2\/posts\/91343\/revisions"}],"wp:featuredmedia":[{"embeddable":true,"href":"https:\/\/www.europesays.com\/lv\/wp-json\/wp\/v2\/media\/91344"}],"wp:attachment":[{"href":"https:\/\/www.europesays.com\/lv\/wp-json\/wp\/v2\/media?parent=91343"}],"wp:term":[{"taxonomy":"category","embeddable":true,"href":"https:\/\/www.europesays.com\/lv\/wp-json\/wp\/v2\/categories?post=91343"},{"taxonomy":"post_tag","embeddable":true,"href":"https:\/\/www.europesays.com\/lv\/wp-json\/wp\/v2\/tags?post=91343"}],"curies":[{"name":"wp","href":"https:\/\/api.w.org\/{rel}","templated":true}]}}