{"id":91345,"date":"2026-01-01T04:17:08","date_gmt":"2026-01-01T04:17:08","guid":{"rendered":"https:\/\/www.europesays.com\/lv\/91345\/"},"modified":"2026-01-01T04:17:08","modified_gmt":"2026-01-01T04:17:08","slug":"taizeme-pamanits-savvalas-kakis-ko-zinatnieki-30-gadus-uzskatija-par-izmirusu","status":"publish","type":"post","link":"https:\/\/www.europesays.com\/lv\/91345\/","title":{"rendered":"Taizem\u0113 paman\u012bts savva\u013cas ka\u0137is, ko zin\u0101tnieki 30 gadus uzskat\u012bja par izmiru\u0161u"},"content":{"rendered":"<p>Savva\u013cas ka\u0137u aizsardz\u012bbas organiz\u0101cija &#8220;Panthera&#8221; nor\u0101da, ka\u00a0\u0161is atkl\u0101jums ir satrieco\u0161s, tom\u0113r tas reiz\u0113 liecina par to, ka dabisk\u0101s vides izzu\u0161anas d\u0113\u013c suga k\u013c\u016bst aizvien izol\u0113t\u0101ka no apk\u0101rt\u0113j\u0101s pasaules. P\u0113tnieki nor\u0101da, ka kamer\u0101s fiks\u0113ju\u0161i, iesp\u0113jams, 29 sugas p\u0101rst\u0101vjus, tom\u0113r uzsver, ka\u00a0plakangalvas ka\u0137iem nav izteiktu apz\u012bm\u0113jumu, kas \u013cautu viegli at\u0161\u0137irt t\u0101s \u012bpat\u0146us.<\/p>\n","protected":false},"excerpt":{"rendered":"Savva\u013cas ka\u0137u aizsardz\u012bbas organiz\u0101cija &#8220;Panthera&#8221; nor\u0101da, ka\u00a0\u0161is atkl\u0101jums ir satrieco\u0161s, tom\u0113r tas reiz\u0113 liecina par to, ka dabisk\u0101s&hellip;\n","protected":false},"author":2,"featured_media":91346,"comment_status":"","ping_status":"","sticky":false,"template":"","format":"standard","meta":{"footnotes":""},"categories":[14],"tags":[23,57,28,29,32,33,22,30,31,35,39,38,36,37,34,40,20,26,27,24,25,54,55,56,21,58],"class_list":{"0":"post-91345","1":"post","2":"type-post","3":"status-publish","4":"format-standard","5":"has-post-thumbnail","7":"category-zinas-no-arvalstim","8":"tag-aktualitates","9":"tag-arvalstim","10":"tag-breaking-news","11":"tag-breakingnews","12":"tag-featured-news","13":"tag-featurednews","14":"tag-headlines","15":"tag-latest-news","16":"tag-latestnews","17":"tag-latvia","18":"tag-latvian","19":"tag-latviesu","20":"tag-latviesu-valoda","21":"tag-latviesuvaloda","22":"tag-latvija","23":"tag-lv","24":"tag-news","25":"tag-popularakas-zinas","26":"tag-popularakaszinas","27":"tag-top-stories","28":"tag-topstories","29":"tag-world","30":"tag-world-news","31":"tag-worldnews","32":"tag-zinas","33":"tag-zinas-no-arvalstim"},"share_on_mastodon":{"url":"https:\/\/pubeurope.com\/@lv\/115817915566841760","error":""},"_links":{"self":[{"href":"https:\/\/www.europesays.com\/lv\/wp-json\/wp\/v2\/posts\/91345","targetHints":{"allow":["GET"]}}],"collection":[{"href":"https:\/\/www.europesays.com\/lv\/wp-json\/wp\/v2\/posts"}],"about":[{"href":"https:\/\/www.europesays.com\/lv\/wp-json\/wp\/v2\/types\/post"}],"author":[{"embeddable":true,"href":"https:\/\/www.europesays.com\/lv\/wp-json\/wp\/v2\/users\/2"}],"replies":[{"embeddable":true,"href":"https:\/\/www.europesays.com\/lv\/wp-json\/wp\/v2\/comments?post=91345"}],"version-history":[{"count":0,"href":"https:\/\/www.europesays.com\/lv\/wp-json\/wp\/v2\/posts\/91345\/revisions"}],"wp:featuredmedia":[{"embeddable":true,"href":"https:\/\/www.europesays.com\/lv\/wp-json\/wp\/v2\/media\/91346"}],"wp:attachment":[{"href":"https:\/\/www.europesays.com\/lv\/wp-json\/wp\/v2\/media?parent=91345"}],"wp:term":[{"taxonomy":"category","embeddable":true,"href":"https:\/\/www.europesays.com\/lv\/wp-json\/wp\/v2\/categories?post=91345"},{"taxonomy":"post_tag","embeddable":true,"href":"https:\/\/www.europesays.com\/lv\/wp-json\/wp\/v2\/tags?post=91345"}],"curies":[{"name":"wp","href":"https:\/\/api.w.org\/{rel}","templated":true}]}}