{"id":91347,"date":"2026-01-01T04:19:07","date_gmt":"2026-01-01T04:19:07","guid":{"rendered":"https:\/\/www.europesays.com\/lv\/91347\/"},"modified":"2026-01-01T04:19:07","modified_gmt":"2026-01-01T04:19:07","slug":"eiduka-tour-de-ski-piecu-kilometru-slepojuma-ienem-37-vietu","status":"publish","type":"post","link":"https:\/\/www.europesays.com\/lv\/91347\/","title":{"rendered":"Eiduka &#8220;Tour de Ski&#8221; piecu kilometru sl\u0113pojum\u0101 ie\u0146em 37. vietu"},"content":{"rendered":"<p>\u0100tr\u0101k\u0101 distanc\u0113 bija amerik\u0101niete D\u017eesija Diginisa, kura distanci veica desmit min\u016bt\u0113s un 51,2 sekund\u0113s. Vi\u0146a par 5,5 sekund\u0113m p\u0101rsp\u0113ja zviedrieti Emmu Ribomu, bet v\u0113l viena Zviedrijas sportiste M\u016ba Ilara piek\u0101p\u0101s 6,9 sekundes un nosl\u0113dza lab\u0101ko trijnieku.<\/p>\n<p>Eiduka fini\u0161u sasniedza p\u0113c 11 min\u016bt\u0113m un 18,3 sekund\u0113m un sav\u0101 grup\u0101 bija sept\u012bt\u0101 \u0101tr\u0101k\u0101, bet kopv\u0113rt\u0113jum\u0101 zaud\u0113ja l\u012bderei 27,6 sekundes un ierindoj\u0101s 37. poz\u012bcij\u0101 81 sportistes konkurenc\u0113.<\/p>\n<p>V\u012brie\u0161u konkurenc\u0113 uzvaru izc\u012bn\u012bja amerik\u0101nis Gass \u0160umahers, kur\u0161 fini\u0161u sasniedza p\u0113c devi\u0146\u0101m min\u016bt\u0113m un 35,4 sekund\u0113m. Vi\u0146\u0161 par 0,2 sekund\u0113m p\u0101rsp\u0113ja austrieti Benjaminu Mozeru, bet norv\u0113\u0123is L\u0101\u0161s Hegens atpalika 0,6 sekundes un bija tre\u0161ais.<\/p>\n<p>Jau v\u0113st\u012bts, ka Eiduka sv\u0113tdien It\u0101lij\u0101 &#8220;Tour de Ski&#8221; seri\u0101la pirmaj\u0101 posm\u0101 sprinta br\u012bvaj\u0101 stil\u0101 izsl\u0113g\u0161anas c\u012b\u0146\u0101s nep\u0101rvar\u0113ja pirmo k\u0101rtu un ie\u0146\u0113ma kopv\u0113rt\u0113jum\u0101 16. vietu, bet desmit kilometru distanc\u0113 ar atsevi\u0161\u0137u startu fini\u0161\u0113ja 39. viet\u0101.<\/p>\n<p>&#8220;Tour de Ski&#8221; turpin\u0101jum\u0101 r\u012btdien paredz\u0113ts p\u0113d\u0113jais posms Toblah\u0101, kur b\u016bs starts 20 kilometru iedz\u012b\u0161an\u0101 klasiskaj\u0101 stil\u0101.<\/p>\n<p>P\u0113c vienas dienas atp\u016btas Valdifjemm\u0113, It\u0101lij\u0101, notiks p\u0113d\u0113jie divi posmi &#8211; sprints klasiskaj\u0101 stil\u0101 un desmit kilometru distance, liel\u0101ko da\u013cu veicot aug\u0161up kaln\u0101.<\/p>\n<p>&#8220;Tour de Ski&#8221; seri\u0101lu tie\u0161raid\u0113 transl\u0113 kan\u0101ls &#8220;Eurosport&#8221;.<\/p>\n","protected":false},"excerpt":{"rendered":"\u0100tr\u0101k\u0101 distanc\u0113 bija amerik\u0101niete D\u017eesija Diginisa, kura distanci veica desmit min\u016bt\u0113s un 51,2 sekund\u0113s. Vi\u0146a par 5,5 sekund\u0113m&hellip;\n","protected":false},"author":2,"featured_media":91348,"comment_status":"","ping_status":"","sticky":false,"template":"","format":"standard","meta":{"footnotes":""},"categories":[5],"tags":[23,28,29,32,33,22,30,31,35,39,38,36,37,34,40,20,8094,26,27,8095,24,25,21],"class_list":{"0":"post-91347","1":"post","2":"type-post","3":"status-publish","4":"format-standard","5":"has-post-thumbnail","7":"category-aktualitates","8":"tag-aktualitates","9":"tag-breaking-news","10":"tag-breakingnews","11":"tag-featured-news","12":"tag-featurednews","13":"tag-headlines","14":"tag-latest-news","15":"tag-latestnews","16":"tag-latvia","17":"tag-latvian","18":"tag-latviesu","19":"tag-latviesu-valoda","20":"tag-latviesuvaloda","21":"tag-latvija","22":"tag-lv","23":"tag-news","24":"tag-patricija-eiduka","25":"tag-popularakas-zinas","26":"tag-popularakaszinas","27":"tag-sleposana","28":"tag-top-stories","29":"tag-topstories","30":"tag-zinas"},"share_on_mastodon":{"url":"https:\/\/pubeurope.com\/@lv\/115817923347127111","error":""},"_links":{"self":[{"href":"https:\/\/www.europesays.com\/lv\/wp-json\/wp\/v2\/posts\/91347","targetHints":{"allow":["GET"]}}],"collection":[{"href":"https:\/\/www.europesays.com\/lv\/wp-json\/wp\/v2\/posts"}],"about":[{"href":"https:\/\/www.europesays.com\/lv\/wp-json\/wp\/v2\/types\/post"}],"author":[{"embeddable":true,"href":"https:\/\/www.europesays.com\/lv\/wp-json\/wp\/v2\/users\/2"}],"replies":[{"embeddable":true,"href":"https:\/\/www.europesays.com\/lv\/wp-json\/wp\/v2\/comments?post=91347"}],"version-history":[{"count":0,"href":"https:\/\/www.europesays.com\/lv\/wp-json\/wp\/v2\/posts\/91347\/revisions"}],"wp:featuredmedia":[{"embeddable":true,"href":"https:\/\/www.europesays.com\/lv\/wp-json\/wp\/v2\/media\/91348"}],"wp:attachment":[{"href":"https:\/\/www.europesays.com\/lv\/wp-json\/wp\/v2\/media?parent=91347"}],"wp:term":[{"taxonomy":"category","embeddable":true,"href":"https:\/\/www.europesays.com\/lv\/wp-json\/wp\/v2\/categories?post=91347"},{"taxonomy":"post_tag","embeddable":true,"href":"https:\/\/www.europesays.com\/lv\/wp-json\/wp\/v2\/tags?post=91347"}],"curies":[{"name":"wp","href":"https:\/\/api.w.org\/{rel}","templated":true}]}}