{"id":91349,"date":"2026-01-01T04:23:13","date_gmt":"2026-01-01T04:23:13","guid":{"rendered":"https:\/\/www.europesays.com\/lv\/91349\/"},"modified":"2026-01-01T04:23:13","modified_gmt":"2026-01-01T04:23:13","slug":"hbo-max-video-rullitis-atklaj-2026-gada-originalsatura-piedavajumu-ar-vel-neredzetiem-kadriem-un-pirmajiem-ieskatiem-tv3-lv","status":"publish","type":"post","link":"https:\/\/www.europesays.com\/lv\/91349\/","title":{"rendered":"&quot;HBO Max&quot; video rull\u012btis atkl\u0101j 2026. gada ori\u0123in\u0101lsatura pied\u0101v\u0101jumu ar v\u0113l neredz\u0113tiem kadriem un pirmajiem ieskatiem &#8211; tv3.lv"},"content":{"rendered":"<ol>\n<li><a href=\"https:\/\/news.google.com\/rss\/articles\/CBMi-AFBVV95cUxPNHBYM3k5QmN6LWMyMXNGYVB1emExc2U4V3d4U0hZVW8zOUNnZ0RsaXUwaHlIZVRmNWJJMmhjay1rZnBDV3l6bGVRbDZPa3dMbVNHSHQzNFlzUXl2bjRlR3FzX094MTZIeUhYMFlJYVdNZW1ZM2x1RG5JYUVsR2xGV0w0NmZtTTl1MFd6eUdUVlBpOTlhTjlqOVdESkl1YUdzYWcwWFdNRVYwdUlLN3E0QVJnNzA5a3RFMzFsTFIzb1NCbnRfRE5mNlU1VjZWRldmN0VCcDFSbi1tNXQySThuTmNyNnp3cTVpQ2U1dXpxd3Jja1JhRTAySw?oc=5\" target=\"_blank\" rel=\"nofollow noopener\">&#8220;HBO Max&#8221; video rull\u012btis atkl\u0101j 2026. gada ori\u0123in\u0101lsatura pied\u0101v\u0101jumu ar v\u0113l neredz\u0113tiem kadriem un pirmajiem ieskatiem<\/a>&nbsp;&nbsp;tv3.lv<\/li>\n<li><a href=\"https:\/\/news.google.com\/rss\/articles\/CBMiqwFBVV95cUxOck5ER1RRNHItYXZ6LUs4eVRCdlMzZXI2Ui1JanZsVmRKb1hUdlpJN0w5R2dhRzg2ZzF1bjltYnZTcFZJSU9wVkRyQVQwQlhuWGhVNTI4SGg3VTBrUnhyWU5Ba2pTOUxhZmpsYVRJQjBJMWNQdXQ2d3phd2cwa0xOVi1SMlFxZ1R2X0xaa1Zrbzg0WTVZR2ZLaXBBN3FfSC1kUzdiek1DcVliVlk?oc=5\" target=\"_blank\" rel=\"nofollow noopener\">Pasaules politik\u0101 \u0161ogad plos\u012bjies ork\u0101ns \u00abTramps\u00bb \/ Raksts<\/a>&nbsp;&nbsp;LSM<\/li>\n<li><a href=\"https:\/\/news.google.com\/rss\/articles\/CBMiTkFVX3lxTE5jbjVQYjBWSFlWQWlDMTNHUlRfOXNTQ01Zc2JPNGl2ZVJMbWFsaVB4LXZWVVdTa2tLM0ZraDYtZUVQZ2NzdEN6UmRQcnFtZw?oc=5\" target=\"_blank\" rel=\"nofollow noopener\">GoTrump!<\/a>&nbsp;&nbsp;Pietiek.com<\/li>\n<li><a href=\"https:\/\/news.google.com\/rss\/articles\/CBMirAFBVV95cUxOeFdHbDByZ1h3NjhuNTVkT3loVXN3WHQyTFRleGdRSllvSEhtQ0hZN1dnVUJ0UHBaUFhlUF9iQWxHMkgtU3BmZmNEOWJzXy1GQnFsZnJxbnhTTUlCVXd3Z0NyZHBnREhYQ19pS3VQdG8yOEI5UVpJUjZWOXRaZHUzRnZCM01laWNvUWRPVHFmTVNnbk5xaHpxRVNob21ONUNjSnlCbTRwUC1xWWJ5?oc=5\" target=\"_blank\" rel=\"nofollow noopener\">&#8220;Par sp\u012bti manis pa\u0161as meliem.&#8221; Vecgada vakar\u0101 Adriana Migl\u0101ne prezent\u0113 dziesmu<\/a>&nbsp;&nbsp;tv3.lv<\/li>\n<li><a href=\"https:\/\/news.google.com\/rss\/articles\/CBMiggFBVV95cUxPMldTTmRHeEFIbWIzTlZBcURoU0NpbTdhVU9oV3N0LUFHYXY5QWxJQUVmS0JsSDl3V1hSdjYydGZiN2RZRTAzeGVYNHRqX0wyMUZGeDRtSnZIa0dRZjV4UkFodUwwUTNLWnNOekJreUZvbzR2R2ZLYmVlOXRvbzJveWZR?oc=5\" target=\"_blank\" rel=\"nofollow noopener\">&#8220;T\u0113tukam&#8221; Trampam pat\u012bk goz\u0113ties uzman\u012bbas centr\u0101<\/a>&nbsp;&nbsp;TVNET<\/li>\n<\/ol>\n","protected":false},"excerpt":{"rendered":"&#8220;HBO Max&#8221; video rull\u012btis atkl\u0101j 2026. gada ori\u0123in\u0101lsatura pied\u0101v\u0101jumu ar v\u0113l neredz\u0113tiem kadriem un pirmajiem ieskatiem&nbsp;&nbsp;tv3.lv Pasaules politik\u0101&hellip;\n","protected":false},"author":2,"featured_media":80292,"comment_status":"","ping_status":"","sticky":false,"template":"","format":"standard","meta":{"footnotes":""},"categories":[14],"tags":[23,57,28,29,32,33,22,30,31,35,39,38,36,37,34,40,20,26,27,24,25,54,55,56,21,58],"class_list":{"0":"post-91349","1":"post","2":"type-post","3":"status-publish","4":"format-standard","5":"has-post-thumbnail","7":"category-zinas-no-arvalstim","8":"tag-aktualitates","9":"tag-arvalstim","10":"tag-breaking-news","11":"tag-breakingnews","12":"tag-featured-news","13":"tag-featurednews","14":"tag-headlines","15":"tag-latest-news","16":"tag-latestnews","17":"tag-latvia","18":"tag-latvian","19":"tag-latviesu","20":"tag-latviesu-valoda","21":"tag-latviesuvaloda","22":"tag-latvija","23":"tag-lv","24":"tag-news","25":"tag-popularakas-zinas","26":"tag-popularakaszinas","27":"tag-top-stories","28":"tag-topstories","29":"tag-world","30":"tag-world-news","31":"tag-worldnews","32":"tag-zinas","33":"tag-zinas-no-arvalstim"},"share_on_mastodon":{"url":"https:\/\/pubeurope.com\/@lv\/115817939169600628","error":""},"_links":{"self":[{"href":"https:\/\/www.europesays.com\/lv\/wp-json\/wp\/v2\/posts\/91349","targetHints":{"allow":["GET"]}}],"collection":[{"href":"https:\/\/www.europesays.com\/lv\/wp-json\/wp\/v2\/posts"}],"about":[{"href":"https:\/\/www.europesays.com\/lv\/wp-json\/wp\/v2\/types\/post"}],"author":[{"embeddable":true,"href":"https:\/\/www.europesays.com\/lv\/wp-json\/wp\/v2\/users\/2"}],"replies":[{"embeddable":true,"href":"https:\/\/www.europesays.com\/lv\/wp-json\/wp\/v2\/comments?post=91349"}],"version-history":[{"count":0,"href":"https:\/\/www.europesays.com\/lv\/wp-json\/wp\/v2\/posts\/91349\/revisions"}],"wp:featuredmedia":[{"embeddable":true,"href":"https:\/\/www.europesays.com\/lv\/wp-json\/wp\/v2\/media\/80292"}],"wp:attachment":[{"href":"https:\/\/www.europesays.com\/lv\/wp-json\/wp\/v2\/media?parent=91349"}],"wp:term":[{"taxonomy":"category","embeddable":true,"href":"https:\/\/www.europesays.com\/lv\/wp-json\/wp\/v2\/categories?post=91349"},{"taxonomy":"post_tag","embeddable":true,"href":"https:\/\/www.europesays.com\/lv\/wp-json\/wp\/v2\/tags?post=91349"}],"curies":[{"name":"wp","href":"https:\/\/api.w.org\/{rel}","templated":true}]}}