{"id":91350,"date":"2026-01-01T04:24:13","date_gmt":"2026-01-01T04:24:13","guid":{"rendered":"https:\/\/www.europesays.com\/lv\/91350\/"},"modified":"2026-01-01T04:24:13","modified_gmt":"2026-01-01T04:24:13","slug":"rinkevics-jaunaja-gada-aicina-but-godpratigiem-atbildigiem-un-izpalidzigiem-raksts","status":"publish","type":"post","link":"https:\/\/www.europesays.com\/lv\/91350\/","title":{"rendered":"Rink\u0113vi\u010ds Jaunaj\u0101 gad\u0101 aicina b\u016bt godpr\u0101t\u012bgiem, atbild\u012bgiem un izpal\u012bdz\u012bgiem \/ Raksts"},"content":{"rendered":"<p>Valsts prezidents Edgars Rink\u0113vi\u010ds Jaungada uzrun\u0101 sac\u012bja, ka Jaun\u0101 gada tuvums vienm\u0113r ir cer\u012bbu un satraukuma laiks. &#8220;M\u0113s v\u0113lamies iel\u016bkoties n\u0101kotn\u0113, vai b\u016bs labi. B\u016bs! Ja b\u016bsim godpr\u0101t\u012bgi, atbild\u012bgi un izpal\u012bdz\u012bgi. Ja b\u016bsim viens otram. Tad m\u0113s esam liels sp\u0113ks. Ikviens no mums,&#8221; sac\u012bja prezidents.\u00a0<\/p>\n<p>&#8220;Nu jau aizejo\u0161o 2025.\u00a0gadu m\u0113s gaid\u012bj\u0101m ar cer\u012bb\u0101m, ar prieku, ar\u012b trauksmi un ba\u017e\u0101m. Ar \u0161aub\u0101m \u2013 vai san\u0101ks? San\u0101ca! Tiem, kas tic\u0113ja un m\u0113\u0123in\u0101ja, ir san\u0101cis. Ja nesan\u0101ca, tad n\u0101kamgad \u2013 noteikti!&#8221; sac\u012bja prezidents.\u00a0<\/p>\n<p>Rink\u0113vi\u010ds uzsv\u0113ra, ka 2025.\u00a0gad\u0101 esam daudz priec\u0101ju\u0161ies un lepoju\u0161ies \u2013 par straumi, kas m\u016bs aizveda t\u0101l\u0101k, nek\u0101 cer\u0113ts, par lieliskajiem b\u0113rniem un jaunie\u0161iem Dziesmu un deju sv\u0113tkos, k\u0101 ar\u012b par m\u016bsu sportistu pan\u0101kumiem.\u00a0<\/p>\n<blockquote>\n<p>&#8220;M\u016bs\u0113jiem izdodas, ja str\u0101d\u0101 kop\u0101. Ja l\u016bkojamies p\u0113c kop\u012bg\u0101, m\u0113s to atrodam. Un paliekam tuk\u0161\u0101m rok\u0101m, ja mekl\u0113jam viens otr\u0101 naidnieku,&#8221; nor\u0101d\u012bja Rink\u0113vi\u010ds.\u00a0<\/p>\n<\/blockquote>\n<p>&#8220;\u0160is gads mums iem\u0101c\u012bjis, ka j\u0101uzticas, pirmk\u0101rt, pa\u0161iem sev. Ka neviens cits, bet pa\u0161i nosak\u0101m savu un m\u016bsu valsts dz\u012bvi. Ka m\u016bsu dro\u0161\u012bbas pamats esam m\u0113s pa\u0161i.\u00a0Dro\u0161\u012bba s\u0101kas ar attieksmi pret sevi, saviem tuviniekiem un l\u012bdzcilv\u0113kiem,&#8221; uzrun\u0101 sac\u012bja prezidents.\u00a0<\/p>\n<p>Rink\u0113vi\u010ds akcent\u0113ja, ka m\u016bsu izv\u0113les ikdien\u0101 un ar\u012b \u0161ajos sv\u0113tkos ir svar\u012bgas.\u00a0<\/p>\n<p>&#8220;M\u0113s varam izv\u0113l\u0113ties nepeld\u0113t reibum\u0101. M\u016bsu zi\u0146\u0101 ir neb\u016bt vienaldz\u012bgam. Ja uz ielas redzam apjuku\u0161u b\u0113rnu, pal\u012bdz\u0113sim, nevis steigsimies t\u0101l\u0101k. M\u016bsu un ar\u012b apk\u0101rt\u0113jo dro\u0161\u012bbu var uzlabot t\u0101ds nieks k\u0101 atstarot\u0101js pie ap\u0123\u0113rba. Un pa\u0161i vien izv\u0113lamies \u2013 vai atbalst\u012bt vai tom\u0113r uzbrukt saviem l\u012bdzcilv\u0113kiem. Iet kop\u0101 vai iet prom. T\u0101 ir m\u016bsu izv\u0113le,&#8221; sac\u012bja prezidents.<\/p>\n<p>Vi\u0146\u0161 uzsv\u0113ra, ka &#8220;ar maziem so\u013ciem viens otram pret\u012b m\u0113s s\u0101kam kop\u012bgu ce\u013cu. Kop\u0101 uz sasniegumiem. \u0160ie so\u013ci rada p\u0101rliec\u012bbu, kur t\u0101s tr\u016bcis. Tos ejot, vairs nav tram\u012bgi j\u0101p\u0101rliecin\u0101s, vai pareizi. Jo ir. M\u0113s visi to varam. Varam gan Latgal\u0113, gan Kurzem\u0113. M\u0113s esam stipri Vidzem\u0113, Zemgal\u0113 un S\u0113lij\u0101. M\u016bsu sp\u0113ks ir k\u0101 R\u012bg\u0101, t\u0101 visur pasaul\u0113, kur m\u012bl Latviju&#8221;.\u00a0<\/p>\n<blockquote>\n<p>&#8220;Jaun\u0101 gada tuvums vienm\u0113r ir cer\u012bbu un satraukuma laiks. M\u0113s v\u0113lamies iel\u016bkoties n\u0101kotn\u0113, vai b\u016bs labi. B\u016bs! Ja b\u016bsim godpr\u0101t\u012bgi, atbild\u012bgi un izpal\u012bdz\u012bgi. Ja b\u016bsim viens otram. Tad m\u0113s esam liels sp\u0113ks. Ikviens no mums,&#8221; sac\u012bja prezidents.\u00a0<\/p>\n<\/blockquote>\n<p>&#8220;T\u0101d\u0113\u013c s\u0101ksim un dar\u012bsim savu darbu jau t\u016bli\u0146. Lai non\u0101kam t\u0101d\u0101 straum\u0113, kas mums pa\u0161iem apliecin\u0101s, ka sp\u0113jam lab\u0101k, nek\u0101 mums \u0161\u0137ita. Un aicin\u0101sim l\u012bdzi ar\u012b draugus, kol\u0113\u0123us un klasesbiedrus. Un ar\u012b tos, kas vismaz\u0101k to gaida. Kam \u0161ovakar un ikdien\u0101 ir vientu\u013ci. Jo m\u0113s viens otram esam vislab\u0101kie,&#8221; uzsv\u0113ra Rink\u0113vi\u010ds.<\/p>\n<p>&#8220;Lai mums visiem savstarp\u0113jas uztic\u012bbas un m\u012blest\u012bbas pilns Jaunais gads!&#8221; nov\u0113l\u0113ja prezidents.<\/p>\n<p>                    Valodas k\u013c\u016bda rakst\u0101?<\/p>\n<p class=\"d-none d-md-block\">Iez\u012bm\u0113jiet tekstu un spiediet Ctrl+Enter, lai nos\u016bt\u012btu labojamo teksta fragmentu redaktoram! Par faktu k\u013c\u016bd\u0101m l\u016bdzam zi\u0146ot e-past\u0101 <a href=\"https:\/\/www.lsm.lv\/cdn-cgi\/l\/email-protection\" class=\"__cf_email__\" data-cfemail=\"790b1c1d18121a10131839150a1457150f\" rel=\"nofollow noopener\" target=\"_blank\">[email\u00a0protected]<\/a>.<\/p>\n<p class=\"d-md-none\">Iez\u012bm\u0113jiet tekstu un spiediet uz Zi\u0146ot par k\u013c\u016bdu pogas, lai nos\u016bt\u012btu labojamo teksta fragmentu redaktoram!<\/p>\n<p>\n                    Zi\u0146ot par k\u013c\u016bdu\n                <\/p>\n","protected":false},"excerpt":{"rendered":"Valsts prezidents Edgars Rink\u0113vi\u010ds Jaungada uzrun\u0101 sac\u012bja, ka Jaun\u0101 gada tuvums vienm\u0113r ir cer\u012bbu un satraukuma laiks. &#8220;M\u0113s&hellip;\n","protected":false},"author":2,"featured_media":91351,"comment_status":"","ping_status":"","sticky":false,"template":"","format":"standard","meta":{"footnotes":""},"categories":[12],"tags":[23,28,29,32,33,22,30,31,35,39,38,36,37,34,40,20,26,27,24,25,21],"class_list":{"0":"post-91350","1":"post","2":"type-post","3":"status-publish","4":"format-standard","5":"has-post-thumbnail","7":"category-latvija","8":"tag-aktualitates","9":"tag-breaking-news","10":"tag-breakingnews","11":"tag-featured-news","12":"tag-featurednews","13":"tag-headlines","14":"tag-latest-news","15":"tag-latestnews","16":"tag-latvia","17":"tag-latvian","18":"tag-latviesu","19":"tag-latviesu-valoda","20":"tag-latviesuvaloda","21":"tag-latvija","22":"tag-lv","23":"tag-news","24":"tag-popularakas-zinas","25":"tag-popularakaszinas","26":"tag-top-stories","27":"tag-topstories","28":"tag-zinas"},"share_on_mastodon":{"url":"https:\/\/pubeurope.com\/@lv\/115817943179073280","error":""},"_links":{"self":[{"href":"https:\/\/www.europesays.com\/lv\/wp-json\/wp\/v2\/posts\/91350","targetHints":{"allow":["GET"]}}],"collection":[{"href":"https:\/\/www.europesays.com\/lv\/wp-json\/wp\/v2\/posts"}],"about":[{"href":"https:\/\/www.europesays.com\/lv\/wp-json\/wp\/v2\/types\/post"}],"author":[{"embeddable":true,"href":"https:\/\/www.europesays.com\/lv\/wp-json\/wp\/v2\/users\/2"}],"replies":[{"embeddable":true,"href":"https:\/\/www.europesays.com\/lv\/wp-json\/wp\/v2\/comments?post=91350"}],"version-history":[{"count":0,"href":"https:\/\/www.europesays.com\/lv\/wp-json\/wp\/v2\/posts\/91350\/revisions"}],"wp:featuredmedia":[{"embeddable":true,"href":"https:\/\/www.europesays.com\/lv\/wp-json\/wp\/v2\/media\/91351"}],"wp:attachment":[{"href":"https:\/\/www.europesays.com\/lv\/wp-json\/wp\/v2\/media?parent=91350"}],"wp:term":[{"taxonomy":"category","embeddable":true,"href":"https:\/\/www.europesays.com\/lv\/wp-json\/wp\/v2\/categories?post=91350"},{"taxonomy":"post_tag","embeddable":true,"href":"https:\/\/www.europesays.com\/lv\/wp-json\/wp\/v2\/tags?post=91350"}],"curies":[{"name":"wp","href":"https:\/\/api.w.org\/{rel}","templated":true}]}}