{"id":91352,"date":"2026-01-01T04:25:12","date_gmt":"2026-01-01T04:25:12","guid":{"rendered":"https:\/\/www.europesays.com\/lv\/91352\/"},"modified":"2026-01-01T04:25:12","modified_gmt":"2026-01-01T04:25:12","slug":"cecenijas-vaditajs-kadirovs-nonak-slimnica-pirms-valsts-padomes","status":"publish","type":"post","link":"https:\/\/www.europesays.com\/lv\/91352\/","title":{"rendered":"\u010ce\u010denijas vad\u012bt\u0101js Kadirovs non\u0101k slimn\u012bc\u0101 pirms Valsts padomes"},"content":{"rendered":"<p class=\"descr\">Ramzans Kadirovs, kas ir Krievijas feder\u0101l\u0101s republikas \u010ce\u010denijas vad\u012bt\u0101js, steidzam\u0101 k\u0101rt\u0101 hospitaliz\u0113ts, zi\u0146ots &#8220;The Moskow Time&#8221; &#8220;X&#8221; kont\u0101.<\/p>\n<p>&#8220;Vi\u0146i vi\u0146u tik tikko atdz\u012bvin\u0101ja.&#8221; <a href=\"https:\/\/nra.lv\/pasaule\/506425-krievijas-elites-klani-ka-radinieki-parvalda-valsti.htm\" data-item-link=\"true\" data-item-id=\"506425\" rel=\"nofollow noopener\" target=\"_blank\">Kadirovs<\/a> tika steidzami hospitaliz\u0113ts pirms Valsts padomes san\u0101ksmes Maskav\u0101.<\/p>\n<blockquote class=\"twitter-tweet\">\n<p lang=\"ru\" dir=\"ltr\">\u00ab\u0415\u043b\u0435 \u043e\u0442\u043a\u0430\u0447\u0430\u043b\u0438\u00bb. \u041a\u0430\u0434\u044b\u0440\u043e\u0432\u0430 \u044d\u043a\u0441\u0442\u0440\u0435\u043d\u043d\u043e \u0433\u043e\u0441\u043f\u0438\u0442\u0430\u043b\u0438\u0437\u0438\u0440\u043e\u0432\u0430\u043b\u0438 \u043f\u0435\u0440\u0435\u0434 \u0437\u0430\u0441\u0435\u0434\u0430\u043d\u0438\u0435\u043c \u0413\u043e\u0441\u0441\u043e\u0432\u0435\u0442\u0430 \u0432 \u041c\u043e\u0441\u043a\u0432\u0435<a href=\"https:\/\/t.co\/vpEHbP08Qm\" rel=\"nofollow\">https:\/\/t.co\/vpEHbP08Qm<\/a><\/p>\n<p>\u2014 The Moscow Times (RU) (@MoscowTimes_ru) <a href=\"https:\/\/twitter.com\/MoscowTimes_ru\/status\/2006371638950887698?ref_src=twsrc%5Etfw\" rel=\"nofollow noopener\" target=\"_blank\">December 31, 2025<\/a><\/p><\/blockquote>\n<p>\t\t\t\t\t\tinfo<\/p>\n<p>Uzzini pirmais<br \/>kas interesants noticis Latvij\u0101 un pasaul\u0113,<br \/>pievienojoties mums <a href=\"https:\/\/t.me\/neatkariga\" rel=\"nofollow\">Telegram<\/a> vai <a href=\"https:\/\/whatsapp.com\/channel\/0029VaMLFUH5K3zLU5s4wm3y\" rel=\"nofollow noopener\" target=\"_blank\">Whatsapp<\/a> kan\u0101l\u0101<\/p>\n<p>\t\t\t\t\t\t\t\t\t<script async src=\"https:\/\/platform.twitter.com\/widgets.js\" charset=\"utf-8\"><\/script><\/p>\n","protected":false},"excerpt":{"rendered":"Ramzans Kadirovs, kas ir Krievijas feder\u0101l\u0101s republikas \u010ce\u010denijas vad\u012bt\u0101js, steidzam\u0101 k\u0101rt\u0101 hospitaliz\u0113ts, zi\u0146ots &#8220;The Moskow Time&#8221; &#8220;X&#8221; kont\u0101.&hellip;\n","protected":false},"author":2,"featured_media":91353,"comment_status":"","ping_status":"","sticky":false,"template":"","format":"standard","meta":{"footnotes":""},"categories":[5],"tags":[23,28,29,32,33,22,30,31,35,39,38,36,37,34,40,20,26,27,24,25,21],"class_list":{"0":"post-91352","1":"post","2":"type-post","3":"status-publish","4":"format-standard","5":"has-post-thumbnail","7":"category-aktualitates","8":"tag-aktualitates","9":"tag-breaking-news","10":"tag-breakingnews","11":"tag-featured-news","12":"tag-featurednews","13":"tag-headlines","14":"tag-latest-news","15":"tag-latestnews","16":"tag-latvia","17":"tag-latvian","18":"tag-latviesu","19":"tag-latviesu-valoda","20":"tag-latviesuvaloda","21":"tag-latvija","22":"tag-lv","23":"tag-news","24":"tag-popularakas-zinas","25":"tag-popularakaszinas","26":"tag-top-stories","27":"tag-topstories","28":"tag-zinas"},"share_on_mastodon":{"url":"https:\/\/pubeurope.com\/@lv\/115817946980217428","error":""},"_links":{"self":[{"href":"https:\/\/www.europesays.com\/lv\/wp-json\/wp\/v2\/posts\/91352","targetHints":{"allow":["GET"]}}],"collection":[{"href":"https:\/\/www.europesays.com\/lv\/wp-json\/wp\/v2\/posts"}],"about":[{"href":"https:\/\/www.europesays.com\/lv\/wp-json\/wp\/v2\/types\/post"}],"author":[{"embeddable":true,"href":"https:\/\/www.europesays.com\/lv\/wp-json\/wp\/v2\/users\/2"}],"replies":[{"embeddable":true,"href":"https:\/\/www.europesays.com\/lv\/wp-json\/wp\/v2\/comments?post=91352"}],"version-history":[{"count":0,"href":"https:\/\/www.europesays.com\/lv\/wp-json\/wp\/v2\/posts\/91352\/revisions"}],"wp:featuredmedia":[{"embeddable":true,"href":"https:\/\/www.europesays.com\/lv\/wp-json\/wp\/v2\/media\/91353"}],"wp:attachment":[{"href":"https:\/\/www.europesays.com\/lv\/wp-json\/wp\/v2\/media?parent=91352"}],"wp:term":[{"taxonomy":"category","embeddable":true,"href":"https:\/\/www.europesays.com\/lv\/wp-json\/wp\/v2\/categories?post=91352"},{"taxonomy":"post_tag","embeddable":true,"href":"https:\/\/www.europesays.com\/lv\/wp-json\/wp\/v2\/tags?post=91352"}],"curies":[{"name":"wp","href":"https:\/\/api.w.org\/{rel}","templated":true}]}}